{"id":17317,"date":"2024-08-13T14:41:03","date_gmt":"2024-08-13T14:41:03","guid":{"rendered":"https:\/\/az-broquetas.es\/journee-des-partenaires-dauna-juin-2024"},"modified":"2025-11-11T17:14:09","modified_gmt":"2025-11-11T17:14:09","slug":"journee-des-partenaires-dauna-juin-2024","status":"publish","type":"post","link":"https:\/\/az-broquetas.es\/fr\/journee-des-partenaires-dauna-juin-2024","title":{"rendered":"AZ Broquetas participe \u00e0 la journ\u00e9e des partenaires d&rsquo;A\u00daNA Barcelone 2024"},"content":{"rendered":"\n<p>Nous sommes fiers d&rsquo;avoir particip\u00e9 \u00e0 la journ\u00e9e des partenaires de l&rsquo;AUNA \u00e0 Barcelone en juin dernier !<br\/><br\/>Notre \u00e9quipe (<a href=\"https:\/\/www.linkedin.com\/in\/ACoAABBW8scBtEw8ITw-TEtjeuKnrLemjLykTLE\"><\/a><a href=\"https:\/\/www.linkedin.com\/in\/jordi-garcia-23398277\/\">Jordi Garcia<\/a>,  <a href=\"https:\/\/www.linkedin.com\/in\/ACoAABHQVzcBuoIAOwUBsp9SUNYcAipWqX_zo4Y\"><\/a><a href=\"https:\/\/www.linkedin.com\/in\/llu%C3%ADs-broquetas-18710b84\/\">Llu\u00eds Broquetas<\/a>,  <a href=\"https:\/\/www.linkedin.com\/in\/ACoAABGm_QYBv10z98zVPOCFZVYZlCmxlLH9dhw\"><\/a><a href=\"https:\/\/www.linkedin.com\/in\/sonia-ramos-99a22283\/\">Sonia Ramos<\/a> et  <a href=\"https:\/\/www.linkedin.com\/in\/ACoAADI583oB0y_YcwxXSn3G137O7aPZNdozDtE\"><\/a><a href=\"https:\/\/www.linkedin.com\/in\/marc-garcia-calabuig-84a2551b6\/\">Marc Garcia Calabuig<\/a>) a eu le plaisir d&rsquo;assister et de participer \u00e0 la foire APD de Barcelone. Comme toujours, cet \u00e9v\u00e9nement a rassembl\u00e9 des professionnels et des entreprises de premier plan.<br\/><br\/>Ce fut une exp\u00e9rience extraordinaire, riche en innovations, en r\u00e9seaux et en opportunit\u00e9s de partage de connaissances entre les participants.<br\/><br\/>Nous tenons \u00e0 remercier <a href=\"https:\/\/www.linkedin.com\/company\/aunaccs\/\">A\u00daNA Distribuci\u00f3n<\/a> pour l&rsquo;excellente gestion de l&rsquo;\u00e9v\u00e9nement et tous les participants pour l&rsquo;int\u00e9r\u00eat qu&rsquo;ils ont port\u00e9 \u00e0 nos produits.<\/p>\n\n<figure class=\"wp-block-video\"><video height=\"754\" style=\"aspect-ratio: 944 \/ 754;\" width=\"944\" controls=\"\" src=\"https:\/\/az-broquetas.es\/wp-content\/uploads\/2024\/07\/video-APD-BCN-24.mp4\"><\/video><\/figure>\n","protected":false},"excerpt":{"rendered":"<p>Nous sommes fiers d&rsquo;avoir particip\u00e9 \u00e0 la journ\u00e9e des partenaires de l&rsquo;AUNA \u00e0 Barcelone en juin dernier ! Notre \u00e9quipe (Jordi Garcia, Llu\u00eds Broquetas, Sonia Ramos et Marc Garcia Calabuig) a eu le plaisir d&rsquo;assister et de participer \u00e0 la foire APD de Barcelone. Comme toujours, cet \u00e9v\u00e9nement a rassembl\u00e9 des professionnels et des entreprises&hellip;<\/p>\n","protected":false},"author":3,"featured_media":16358,"comment_status":"open","ping_status":"open","sticky":false,"template":"","format":"standard","meta":{"footnotes":""},"categories":[144],"tags":[],"class_list":["post-17317","post","type-post","status-publish","format-standard","has-post-thumbnail","hentry","category-evenements","category-144","description-off"],"yoast_head":"<!-- This site is optimized with the Yoast SEO plugin v26.9 - https:\/\/yoast.com\/product\/yoast-seo-wordpress\/ -->\n<title>AZ Broquetas participe \u00e0 la journ\u00e9e des partenaires d&#039;A\u00daNA Barcelone 2024 - AZ Broquetas<\/title>\n<meta name=\"description\" content=\"AZ Broquetas participe \u00e0 l&#039;APD Barcelone 2024. \u00c9v\u00e9nement destin\u00e9 aux professionnels de l&#039;\u00e9lectricit\u00e9, de la plomberie, du chauffage, de la climatisation, etc...\" \/>\n<meta name=\"robots\" content=\"index, follow, max-snippet:-1, max-image-preview:large, max-video-preview:-1\" \/>\n<link rel=\"canonical\" href=\"https:\/\/az-broquetas.es\/fr\/journee-des-partenaires-dauna-juin-2024\" \/>\n<meta property=\"og:locale\" content=\"fr_FR\" \/>\n<meta property=\"og:type\" content=\"article\" \/>\n<meta property=\"og:title\" content=\"AZ Broquetas participe \u00e0 la journ\u00e9e des partenaires d&#039;A\u00daNA Barcelone 2024 - AZ Broquetas\" \/>\n<meta property=\"og:description\" content=\"AZ Broquetas participe \u00e0 l&#039;APD Barcelone 2024. \u00c9v\u00e9nement destin\u00e9 aux professionnels de l&#039;\u00e9lectricit\u00e9, de la plomberie, du chauffage, de la climatisation, etc...\" \/>\n<meta property=\"og:url\" content=\"https:\/\/az-broquetas.es\/fr\/journee-des-partenaires-dauna-juin-2024\" \/>\n<meta property=\"og:site_name\" content=\"AZ Broquetas\" \/>\n<meta property=\"article:published_time\" content=\"2024-08-13T14:41:03+00:00\" \/>\n<meta property=\"article:modified_time\" content=\"2025-11-11T17:14:09+00:00\" \/>\n<meta property=\"og:image\" content=\"https:\/\/az-broquetas.es\/wp-content\/uploads\/2024\/07\/video-APD-BCN-24.jpg\" \/>\n\t<meta property=\"og:image:width\" content=\"2000\" \/>\n\t<meta property=\"og:image:height\" content=\"1600\" \/>\n\t<meta property=\"og:image:type\" content=\"image\/jpeg\" \/>\n<meta name=\"author\" content=\"Sonia\" \/>\n<meta name=\"twitter:card\" content=\"summary_large_image\" \/>\n<meta name=\"twitter:label1\" content=\"\u00c9crit par\" \/>\n\t<meta name=\"twitter:data1\" content=\"Sonia\" \/>\n\t<meta name=\"twitter:label2\" content=\"Dur\u00e9e de lecture estim\u00e9e\" \/>\n\t<meta name=\"twitter:data2\" content=\"1 minute\" \/>\n<script type=\"application\/ld+json\" class=\"yoast-schema-graph\">{\"@context\":\"https:\/\/schema.org\",\"@graph\":[{\"@type\":\"Article\",\"@id\":\"https:\/\/az-broquetas.es\/fr\/journee-des-partenaires-dauna-juin-2024#article\",\"isPartOf\":{\"@id\":\"https:\/\/az-broquetas.es\/fr\/journee-des-partenaires-dauna-juin-2024\"},\"author\":{\"name\":\"Sonia\",\"@id\":\"https:\/\/az-broquetas.es\/fr#\/schema\/person\/fec410f538c8a3712a07db5a1695115f\"},\"headline\":\"AZ Broquetas participe \u00e0 la journ\u00e9e des partenaires d&rsquo;A\u00daNA Barcelone 2024\",\"datePublished\":\"2024-08-13T14:41:03+00:00\",\"dateModified\":\"2025-11-11T17:14:09+00:00\",\"mainEntityOfPage\":{\"@id\":\"https:\/\/az-broquetas.es\/fr\/journee-des-partenaires-dauna-juin-2024\"},\"wordCount\":125,\"commentCount\":0,\"publisher\":{\"@id\":\"https:\/\/az-broquetas.es\/fr#organization\"},\"image\":{\"@id\":\"https:\/\/az-broquetas.es\/fr\/journee-des-partenaires-dauna-juin-2024#primaryimage\"},\"thumbnailUrl\":\"https:\/\/az-broquetas.es\/wp-content\/uploads\/2024\/07\/video-APD-BCN-24.jpg\",\"articleSection\":[\"Ev\u00e9nements\"],\"inLanguage\":\"fr-FR\",\"potentialAction\":[{\"@type\":\"CommentAction\",\"name\":\"Comment\",\"target\":[\"https:\/\/az-broquetas.es\/fr\/journee-des-partenaires-dauna-juin-2024#respond\"]}]},{\"@type\":\"WebPage\",\"@id\":\"https:\/\/az-broquetas.es\/fr\/journee-des-partenaires-dauna-juin-2024\",\"url\":\"https:\/\/az-broquetas.es\/fr\/journee-des-partenaires-dauna-juin-2024\",\"name\":\"AZ Broquetas participe \u00e0 la journ\u00e9e des partenaires d'A\u00daNA Barcelone 2024 - AZ Broquetas\",\"isPartOf\":{\"@id\":\"https:\/\/az-broquetas.es\/fr#website\"},\"primaryImageOfPage\":{\"@id\":\"https:\/\/az-broquetas.es\/fr\/journee-des-partenaires-dauna-juin-2024#primaryimage\"},\"image\":{\"@id\":\"https:\/\/az-broquetas.es\/fr\/journee-des-partenaires-dauna-juin-2024#primaryimage\"},\"thumbnailUrl\":\"https:\/\/az-broquetas.es\/wp-content\/uploads\/2024\/07\/video-APD-BCN-24.jpg\",\"datePublished\":\"2024-08-13T14:41:03+00:00\",\"dateModified\":\"2025-11-11T17:14:09+00:00\",\"description\":\"AZ Broquetas participe \u00e0 l'APD Barcelone 2024. \u00c9v\u00e9nement destin\u00e9 aux professionnels de l'\u00e9lectricit\u00e9, de la plomberie, du chauffage, de la climatisation, etc...\",\"breadcrumb\":{\"@id\":\"https:\/\/az-broquetas.es\/fr\/journee-des-partenaires-dauna-juin-2024#breadcrumb\"},\"inLanguage\":\"fr-FR\",\"potentialAction\":[{\"@type\":\"ReadAction\",\"target\":[\"https:\/\/az-broquetas.es\/fr\/journee-des-partenaires-dauna-juin-2024\"]}]},{\"@type\":\"ImageObject\",\"inLanguage\":\"fr-FR\",\"@id\":\"https:\/\/az-broquetas.es\/fr\/journee-des-partenaires-dauna-juin-2024#primaryimage\",\"url\":\"https:\/\/az-broquetas.es\/wp-content\/uploads\/2024\/07\/video-APD-BCN-24.jpg\",\"contentUrl\":\"https:\/\/az-broquetas.es\/wp-content\/uploads\/2024\/07\/video-APD-BCN-24.jpg\",\"width\":2000,\"height\":1600,\"caption\":\"video APD BCN 24\"},{\"@type\":\"BreadcrumbList\",\"@id\":\"https:\/\/az-broquetas.es\/fr\/journee-des-partenaires-dauna-juin-2024#breadcrumb\",\"itemListElement\":[{\"@type\":\"ListItem\",\"position\":1,\"name\":\"Portada\",\"item\":\"https:\/\/az-broquetas.es\/fr\"},{\"@type\":\"ListItem\",\"position\":2,\"name\":\"AZ Broquetas participe \u00e0 la journ\u00e9e des partenaires d&rsquo;A\u00daNA Barcelone 2024\"}]},{\"@type\":\"WebSite\",\"@id\":\"https:\/\/az-broquetas.es\/fr#website\",\"url\":\"https:\/\/az-broquetas.es\/fr\",\"name\":\"AZ Broquetas\",\"description\":\"Soluciones de conexi\u00f3n innovadoras\",\"publisher\":{\"@id\":\"https:\/\/az-broquetas.es\/fr#organization\"},\"potentialAction\":[{\"@type\":\"SearchAction\",\"target\":{\"@type\":\"EntryPoint\",\"urlTemplate\":\"https:\/\/az-broquetas.es\/fr?s={search_term_string}\"},\"query-input\":{\"@type\":\"PropertyValueSpecification\",\"valueRequired\":true,\"valueName\":\"search_term_string\"}}],\"inLanguage\":\"fr-FR\"},{\"@type\":\"Organization\",\"@id\":\"https:\/\/az-broquetas.es\/fr#organization\",\"name\":\"AZ Broquetas\",\"url\":\"https:\/\/az-broquetas.es\/fr\",\"logo\":{\"@type\":\"ImageObject\",\"inLanguage\":\"fr-FR\",\"@id\":\"https:\/\/az-broquetas.es\/fr#\/schema\/logo\/image\/\",\"url\":\"https:\/\/az-broquetas.es\/wp-content\/uploads\/2024\/03\/Logo-AZ.png\",\"contentUrl\":\"https:\/\/az-broquetas.es\/wp-content\/uploads\/2024\/03\/Logo-AZ.png\",\"width\":350,\"height\":100,\"caption\":\"AZ Broquetas\"},\"image\":{\"@id\":\"https:\/\/az-broquetas.es\/fr#\/schema\/logo\/image\/\"},\"sameAs\":[\"https:\/\/www.linkedin.com\/company\/az-broquetas-s-l\/\",\"https:\/\/www.youtube.com\/@azbroquetass.l7674\"]},{\"@type\":\"Person\",\"@id\":\"https:\/\/az-broquetas.es\/fr#\/schema\/person\/fec410f538c8a3712a07db5a1695115f\",\"name\":\"Sonia\",\"image\":{\"@type\":\"ImageObject\",\"inLanguage\":\"fr-FR\",\"@id\":\"https:\/\/az-broquetas.es\/fr#\/schema\/person\/image\/\",\"url\":\"https:\/\/secure.gravatar.com\/avatar\/9488b617977cf297a91217e6459fab3bba303b77184e1fa2045ac86ffb34189b?s=96&d=mm&r=g\",\"contentUrl\":\"https:\/\/secure.gravatar.com\/avatar\/9488b617977cf297a91217e6459fab3bba303b77184e1fa2045ac86ffb34189b?s=96&d=mm&r=g\",\"caption\":\"Sonia\"}}]}<\/script>\n<!-- \/ Yoast SEO plugin. -->","yoast_head_json":{"title":"AZ Broquetas participe \u00e0 la journ\u00e9e des partenaires d'A\u00daNA Barcelone 2024 - AZ Broquetas","description":"AZ Broquetas participe \u00e0 l'APD Barcelone 2024. \u00c9v\u00e9nement destin\u00e9 aux professionnels de l'\u00e9lectricit\u00e9, de la plomberie, du chauffage, de la climatisation, etc...","robots":{"index":"index","follow":"follow","max-snippet":"max-snippet:-1","max-image-preview":"max-image-preview:large","max-video-preview":"max-video-preview:-1"},"canonical":"https:\/\/az-broquetas.es\/fr\/journee-des-partenaires-dauna-juin-2024","og_locale":"fr_FR","og_type":"article","og_title":"AZ Broquetas participe \u00e0 la journ\u00e9e des partenaires d'A\u00daNA Barcelone 2024 - AZ Broquetas","og_description":"AZ Broquetas participe \u00e0 l'APD Barcelone 2024. \u00c9v\u00e9nement destin\u00e9 aux professionnels de l'\u00e9lectricit\u00e9, de la plomberie, du chauffage, de la climatisation, etc...","og_url":"https:\/\/az-broquetas.es\/fr\/journee-des-partenaires-dauna-juin-2024","og_site_name":"AZ Broquetas","article_published_time":"2024-08-13T14:41:03+00:00","article_modified_time":"2025-11-11T17:14:09+00:00","og_image":[{"width":2000,"height":1600,"url":"https:\/\/az-broquetas.es\/wp-content\/uploads\/2024\/07\/video-APD-BCN-24.jpg","type":"image\/jpeg"}],"author":"Sonia","twitter_card":"summary_large_image","twitter_misc":{"\u00c9crit par":"Sonia","Dur\u00e9e de lecture estim\u00e9e":"1 minute"},"schema":{"@context":"https:\/\/schema.org","@graph":[{"@type":"Article","@id":"https:\/\/az-broquetas.es\/fr\/journee-des-partenaires-dauna-juin-2024#article","isPartOf":{"@id":"https:\/\/az-broquetas.es\/fr\/journee-des-partenaires-dauna-juin-2024"},"author":{"name":"Sonia","@id":"https:\/\/az-broquetas.es\/fr#\/schema\/person\/fec410f538c8a3712a07db5a1695115f"},"headline":"AZ Broquetas participe \u00e0 la journ\u00e9e des partenaires d&rsquo;A\u00daNA Barcelone 2024","datePublished":"2024-08-13T14:41:03+00:00","dateModified":"2025-11-11T17:14:09+00:00","mainEntityOfPage":{"@id":"https:\/\/az-broquetas.es\/fr\/journee-des-partenaires-dauna-juin-2024"},"wordCount":125,"commentCount":0,"publisher":{"@id":"https:\/\/az-broquetas.es\/fr#organization"},"image":{"@id":"https:\/\/az-broquetas.es\/fr\/journee-des-partenaires-dauna-juin-2024#primaryimage"},"thumbnailUrl":"https:\/\/az-broquetas.es\/wp-content\/uploads\/2024\/07\/video-APD-BCN-24.jpg","articleSection":["Ev\u00e9nements"],"inLanguage":"fr-FR","potentialAction":[{"@type":"CommentAction","name":"Comment","target":["https:\/\/az-broquetas.es\/fr\/journee-des-partenaires-dauna-juin-2024#respond"]}]},{"@type":"WebPage","@id":"https:\/\/az-broquetas.es\/fr\/journee-des-partenaires-dauna-juin-2024","url":"https:\/\/az-broquetas.es\/fr\/journee-des-partenaires-dauna-juin-2024","name":"AZ Broquetas participe \u00e0 la journ\u00e9e des partenaires d'A\u00daNA Barcelone 2024 - AZ Broquetas","isPartOf":{"@id":"https:\/\/az-broquetas.es\/fr#website"},"primaryImageOfPage":{"@id":"https:\/\/az-broquetas.es\/fr\/journee-des-partenaires-dauna-juin-2024#primaryimage"},"image":{"@id":"https:\/\/az-broquetas.es\/fr\/journee-des-partenaires-dauna-juin-2024#primaryimage"},"thumbnailUrl":"https:\/\/az-broquetas.es\/wp-content\/uploads\/2024\/07\/video-APD-BCN-24.jpg","datePublished":"2024-08-13T14:41:03+00:00","dateModified":"2025-11-11T17:14:09+00:00","description":"AZ Broquetas participe \u00e0 l'APD Barcelone 2024. \u00c9v\u00e9nement destin\u00e9 aux professionnels de l'\u00e9lectricit\u00e9, de la plomberie, du chauffage, de la climatisation, etc...","breadcrumb":{"@id":"https:\/\/az-broquetas.es\/fr\/journee-des-partenaires-dauna-juin-2024#breadcrumb"},"inLanguage":"fr-FR","potentialAction":[{"@type":"ReadAction","target":["https:\/\/az-broquetas.es\/fr\/journee-des-partenaires-dauna-juin-2024"]}]},{"@type":"ImageObject","inLanguage":"fr-FR","@id":"https:\/\/az-broquetas.es\/fr\/journee-des-partenaires-dauna-juin-2024#primaryimage","url":"https:\/\/az-broquetas.es\/wp-content\/uploads\/2024\/07\/video-APD-BCN-24.jpg","contentUrl":"https:\/\/az-broquetas.es\/wp-content\/uploads\/2024\/07\/video-APD-BCN-24.jpg","width":2000,"height":1600,"caption":"video APD BCN 24"},{"@type":"BreadcrumbList","@id":"https:\/\/az-broquetas.es\/fr\/journee-des-partenaires-dauna-juin-2024#breadcrumb","itemListElement":[{"@type":"ListItem","position":1,"name":"Portada","item":"https:\/\/az-broquetas.es\/fr"},{"@type":"ListItem","position":2,"name":"AZ Broquetas participe \u00e0 la journ\u00e9e des partenaires d&rsquo;A\u00daNA Barcelone 2024"}]},{"@type":"WebSite","@id":"https:\/\/az-broquetas.es\/fr#website","url":"https:\/\/az-broquetas.es\/fr","name":"AZ Broquetas","description":"Soluciones de conexi\u00f3n innovadoras","publisher":{"@id":"https:\/\/az-broquetas.es\/fr#organization"},"potentialAction":[{"@type":"SearchAction","target":{"@type":"EntryPoint","urlTemplate":"https:\/\/az-broquetas.es\/fr?s={search_term_string}"},"query-input":{"@type":"PropertyValueSpecification","valueRequired":true,"valueName":"search_term_string"}}],"inLanguage":"fr-FR"},{"@type":"Organization","@id":"https:\/\/az-broquetas.es\/fr#organization","name":"AZ Broquetas","url":"https:\/\/az-broquetas.es\/fr","logo":{"@type":"ImageObject","inLanguage":"fr-FR","@id":"https:\/\/az-broquetas.es\/fr#\/schema\/logo\/image\/","url":"https:\/\/az-broquetas.es\/wp-content\/uploads\/2024\/03\/Logo-AZ.png","contentUrl":"https:\/\/az-broquetas.es\/wp-content\/uploads\/2024\/03\/Logo-AZ.png","width":350,"height":100,"caption":"AZ Broquetas"},"image":{"@id":"https:\/\/az-broquetas.es\/fr#\/schema\/logo\/image\/"},"sameAs":["https:\/\/www.linkedin.com\/company\/az-broquetas-s-l\/","https:\/\/www.youtube.com\/@azbroquetass.l7674"]},{"@type":"Person","@id":"https:\/\/az-broquetas.es\/fr#\/schema\/person\/fec410f538c8a3712a07db5a1695115f","name":"Sonia","image":{"@type":"ImageObject","inLanguage":"fr-FR","@id":"https:\/\/az-broquetas.es\/fr#\/schema\/person\/image\/","url":"https:\/\/secure.gravatar.com\/avatar\/9488b617977cf297a91217e6459fab3bba303b77184e1fa2045ac86ffb34189b?s=96&d=mm&r=g","contentUrl":"https:\/\/secure.gravatar.com\/avatar\/9488b617977cf297a91217e6459fab3bba303b77184e1fa2045ac86ffb34189b?s=96&d=mm&r=g","caption":"Sonia"}}]}},"_links":{"self":[{"href":"https:\/\/az-broquetas.es\/fr\/wp-json\/wp\/v2\/posts\/17317","targetHints":{"allow":["GET"]}}],"collection":[{"href":"https:\/\/az-broquetas.es\/fr\/wp-json\/wp\/v2\/posts"}],"about":[{"href":"https:\/\/az-broquetas.es\/fr\/wp-json\/wp\/v2\/types\/post"}],"author":[{"embeddable":true,"href":"https:\/\/az-broquetas.es\/fr\/wp-json\/wp\/v2\/users\/3"}],"replies":[{"embeddable":true,"href":"https:\/\/az-broquetas.es\/fr\/wp-json\/wp\/v2\/comments?post=17317"}],"version-history":[{"count":2,"href":"https:\/\/az-broquetas.es\/fr\/wp-json\/wp\/v2\/posts\/17317\/revisions"}],"predecessor-version":[{"id":18886,"href":"https:\/\/az-broquetas.es\/fr\/wp-json\/wp\/v2\/posts\/17317\/revisions\/18886"}],"wp:featuredmedia":[{"embeddable":true,"href":"https:\/\/az-broquetas.es\/fr\/wp-json\/wp\/v2\/media\/16358"}],"wp:attachment":[{"href":"https:\/\/az-broquetas.es\/fr\/wp-json\/wp\/v2\/media?parent=17317"}],"wp:term":[{"taxonomy":"category","embeddable":true,"href":"https:\/\/az-broquetas.es\/fr\/wp-json\/wp\/v2\/categories?post=17317"},{"taxonomy":"post_tag","embeddable":true,"href":"https:\/\/az-broquetas.es\/fr\/wp-json\/wp\/v2\/tags?post=17317"}],"curies":[{"name":"wp","href":"https:\/\/api.w.org\/{rel}","templated":true}]}}