{"id":17364,"date":"2024-09-03T09:25:12","date_gmt":"2024-09-03T09:25:12","guid":{"rendered":"https:\/\/az-broquetas.es\/journees-des-partenaires-dauna-valence"},"modified":"2024-09-03T09:25:14","modified_gmt":"2024-09-03T09:25:14","slug":"journees-des-partenaires-dauna-valence","status":"publish","type":"post","link":"https:\/\/az-broquetas.es\/fr\/journees-des-partenaires-dauna-valence","title":{"rendered":"Journ\u00e9es des partenaires d&rsquo;A\u00daNA Valence"},"content":{"rendered":"\n<p>Les entreprises de distribution associ\u00e9es \u00e0 A\u00daNA Distribuci\u00f3n vous invitent \u00e0 l&rsquo;\u00e9v\u00e9nement le plus complet, le plus int\u00e9ressant et le plus divertissant des secteurs de l&rsquo;\u00e9lectricit\u00e9, de la plomberie, du chauffage, de la climatisation et des \u00e9nergies renouvelables.<br\/><br\/>Inscrivez-vous d\u00e8s que possible aux sessions qui vous int\u00e9ressent le plus.\nLe nombre de places est limit\u00e9. <br\/><br\/>Nous vous attendons !<br\/><br\/><br\/><br\/>\ud83d\udcc5 12 septembre \ud83d\udccd Feria de Valencia, stand 54 pavillon 8<a href=\"https:\/\/lnkd.in\/ddW5xf85\">\ud83d\udd17 https:\/\/lnkd.in\/ddW5xf85<\/a><\/p>\n","protected":false},"excerpt":{"rendered":"<p>Les entreprises de distribution associ\u00e9es \u00e0 A\u00daNA Distribuci\u00f3n vous invitent \u00e0 l&rsquo;\u00e9v\u00e9nement le plus complet, le plus int\u00e9ressant et le plus divertissant des secteurs de l&rsquo;\u00e9lectricit\u00e9, de la plomberie, du chauffage, de la climatisation et des \u00e9nergies renouvelables. Inscrivez-vous d\u00e8s que possible aux sessions qui vous int\u00e9ressent le plus. Le nombre de places est limit\u00e9.&hellip;<\/p>\n","protected":false},"author":1,"featured_media":17362,"comment_status":"open","ping_status":"open","sticky":false,"template":"","format":"standard","meta":{"footnotes":""},"categories":[144],"tags":[],"class_list":["post-17364","post","type-post","status-publish","format-standard","has-post-thumbnail","hentry","category-evenements","category-144","description-off"],"yoast_head":"<!-- This site is optimized with the Yoast SEO plugin v26.9 - https:\/\/yoast.com\/product\/yoast-seo-wordpress\/ -->\n<title>Journ\u00e9es des partenaires d&#039;A\u00daNA Valence - AZ Broquetas<\/title>\n<meta name=\"robots\" content=\"index, follow, max-snippet:-1, max-image-preview:large, max-video-preview:-1\" \/>\n<link rel=\"canonical\" href=\"https:\/\/az-broquetas.es\/fr\/journees-des-partenaires-dauna-valence\" \/>\n<meta property=\"og:locale\" content=\"fr_FR\" \/>\n<meta property=\"og:type\" content=\"article\" \/>\n<meta property=\"og:title\" content=\"Journ\u00e9es des partenaires d&#039;A\u00daNA Valence - AZ Broquetas\" \/>\n<meta property=\"og:description\" content=\"Les entreprises de distribution associ\u00e9es \u00e0 A\u00daNA Distribuci\u00f3n vous invitent \u00e0 l&rsquo;\u00e9v\u00e9nement le plus complet, le plus int\u00e9ressant et le plus divertissant des secteurs de l&rsquo;\u00e9lectricit\u00e9, de la plomberie, du chauffage, de la climatisation et des \u00e9nergies renouvelables. Inscrivez-vous d\u00e8s que possible aux sessions qui vous int\u00e9ressent le plus. Le nombre de places est limit\u00e9.&hellip;\" \/>\n<meta property=\"og:url\" content=\"https:\/\/az-broquetas.es\/fr\/journees-des-partenaires-dauna-valence\" \/>\n<meta property=\"og:site_name\" content=\"AZ Broquetas\" \/>\n<meta property=\"article:published_time\" content=\"2024-09-03T09:25:12+00:00\" \/>\n<meta property=\"article:modified_time\" content=\"2024-09-03T09:25:14+00:00\" \/>\n<meta property=\"og:image\" content=\"https:\/\/az-broquetas.es\/wp-content\/uploads\/2024\/09\/1723452338076.png\" \/>\n\t<meta property=\"og:image:width\" content=\"1280\" \/>\n\t<meta property=\"og:image:height\" content=\"720\" \/>\n\t<meta property=\"og:image:type\" content=\"image\/png\" \/>\n<meta name=\"author\" content=\"Test_A_Admin\" \/>\n<meta name=\"twitter:card\" content=\"summary_large_image\" \/>\n<meta name=\"twitter:label1\" content=\"\u00c9crit par\" \/>\n\t<meta name=\"twitter:data1\" content=\"Test_A_Admin\" \/>\n<script type=\"application\/ld+json\" class=\"yoast-schema-graph\">{\"@context\":\"https:\/\/schema.org\",\"@graph\":[{\"@type\":\"Article\",\"@id\":\"https:\/\/az-broquetas.es\/fr\/journees-des-partenaires-dauna-valence#article\",\"isPartOf\":{\"@id\":\"https:\/\/az-broquetas.es\/fr\/journees-des-partenaires-dauna-valence\"},\"author\":{\"name\":\"Test_A_Admin\",\"@id\":\"https:\/\/az-broquetas.es\/fr#\/schema\/person\/7b11115370891598e3e00508ab129e4f\"},\"headline\":\"Journ\u00e9es des partenaires d&rsquo;A\u00daNA Valence\",\"datePublished\":\"2024-09-03T09:25:12+00:00\",\"dateModified\":\"2024-09-03T09:25:14+00:00\",\"mainEntityOfPage\":{\"@id\":\"https:\/\/az-broquetas.es\/fr\/journees-des-partenaires-dauna-valence\"},\"wordCount\":84,\"commentCount\":0,\"publisher\":{\"@id\":\"https:\/\/az-broquetas.es\/fr#organization\"},\"image\":{\"@id\":\"https:\/\/az-broquetas.es\/fr\/journees-des-partenaires-dauna-valence#primaryimage\"},\"thumbnailUrl\":\"https:\/\/az-broquetas.es\/wp-content\/uploads\/2024\/09\/1723452338076.png\",\"articleSection\":[\"Ev\u00e9nements\"],\"inLanguage\":\"fr-FR\",\"potentialAction\":[{\"@type\":\"CommentAction\",\"name\":\"Comment\",\"target\":[\"https:\/\/az-broquetas.es\/fr\/journees-des-partenaires-dauna-valence#respond\"]}]},{\"@type\":\"WebPage\",\"@id\":\"https:\/\/az-broquetas.es\/fr\/journees-des-partenaires-dauna-valence\",\"url\":\"https:\/\/az-broquetas.es\/fr\/journees-des-partenaires-dauna-valence\",\"name\":\"Journ\u00e9es des partenaires d'A\u00daNA Valence - AZ Broquetas\",\"isPartOf\":{\"@id\":\"https:\/\/az-broquetas.es\/fr#website\"},\"primaryImageOfPage\":{\"@id\":\"https:\/\/az-broquetas.es\/fr\/journees-des-partenaires-dauna-valence#primaryimage\"},\"image\":{\"@id\":\"https:\/\/az-broquetas.es\/fr\/journees-des-partenaires-dauna-valence#primaryimage\"},\"thumbnailUrl\":\"https:\/\/az-broquetas.es\/wp-content\/uploads\/2024\/09\/1723452338076.png\",\"datePublished\":\"2024-09-03T09:25:12+00:00\",\"dateModified\":\"2024-09-03T09:25:14+00:00\",\"breadcrumb\":{\"@id\":\"https:\/\/az-broquetas.es\/fr\/journees-des-partenaires-dauna-valence#breadcrumb\"},\"inLanguage\":\"fr-FR\",\"potentialAction\":[{\"@type\":\"ReadAction\",\"target\":[\"https:\/\/az-broquetas.es\/fr\/journees-des-partenaires-dauna-valence\"]}]},{\"@type\":\"ImageObject\",\"inLanguage\":\"fr-FR\",\"@id\":\"https:\/\/az-broquetas.es\/fr\/journees-des-partenaires-dauna-valence#primaryimage\",\"url\":\"https:\/\/az-broquetas.es\/wp-content\/uploads\/2024\/09\/1723452338076.png\",\"contentUrl\":\"https:\/\/az-broquetas.es\/wp-content\/uploads\/2024\/09\/1723452338076.png\",\"width\":1280,\"height\":720,\"caption\":\"AUNA partner days\"},{\"@type\":\"BreadcrumbList\",\"@id\":\"https:\/\/az-broquetas.es\/fr\/journees-des-partenaires-dauna-valence#breadcrumb\",\"itemListElement\":[{\"@type\":\"ListItem\",\"position\":1,\"name\":\"Portada\",\"item\":\"https:\/\/az-broquetas.es\/fr\"},{\"@type\":\"ListItem\",\"position\":2,\"name\":\"Journ\u00e9es des partenaires d&#8217;A\u00daNA Valence\"}]},{\"@type\":\"WebSite\",\"@id\":\"https:\/\/az-broquetas.es\/fr#website\",\"url\":\"https:\/\/az-broquetas.es\/fr\",\"name\":\"AZ Broquetas\",\"description\":\"Soluciones de conexi\u00f3n innovadoras\",\"publisher\":{\"@id\":\"https:\/\/az-broquetas.es\/fr#organization\"},\"potentialAction\":[{\"@type\":\"SearchAction\",\"target\":{\"@type\":\"EntryPoint\",\"urlTemplate\":\"https:\/\/az-broquetas.es\/fr?s={search_term_string}\"},\"query-input\":{\"@type\":\"PropertyValueSpecification\",\"valueRequired\":true,\"valueName\":\"search_term_string\"}}],\"inLanguage\":\"fr-FR\"},{\"@type\":\"Organization\",\"@id\":\"https:\/\/az-broquetas.es\/fr#organization\",\"name\":\"AZ Broquetas\",\"url\":\"https:\/\/az-broquetas.es\/fr\",\"logo\":{\"@type\":\"ImageObject\",\"inLanguage\":\"fr-FR\",\"@id\":\"https:\/\/az-broquetas.es\/fr#\/schema\/logo\/image\/\",\"url\":\"https:\/\/az-broquetas.es\/wp-content\/uploads\/2024\/03\/Logo-AZ.png\",\"contentUrl\":\"https:\/\/az-broquetas.es\/wp-content\/uploads\/2024\/03\/Logo-AZ.png\",\"width\":350,\"height\":100,\"caption\":\"AZ Broquetas\"},\"image\":{\"@id\":\"https:\/\/az-broquetas.es\/fr#\/schema\/logo\/image\/\"},\"sameAs\":[\"https:\/\/www.linkedin.com\/company\/az-broquetas-s-l\/\",\"https:\/\/www.youtube.com\/@azbroquetass.l7674\"]},{\"@type\":\"Person\",\"@id\":\"https:\/\/az-broquetas.es\/fr#\/schema\/person\/7b11115370891598e3e00508ab129e4f\",\"name\":\"Test_A_Admin\",\"image\":{\"@type\":\"ImageObject\",\"inLanguage\":\"fr-FR\",\"@id\":\"https:\/\/az-broquetas.es\/fr#\/schema\/person\/image\/\",\"url\":\"https:\/\/secure.gravatar.com\/avatar\/a76b37caac985cbb28e6dc967b1624a0dfb1eb33adaa9dd522bb7fe6d339b859?s=96&d=mm&r=g\",\"contentUrl\":\"https:\/\/secure.gravatar.com\/avatar\/a76b37caac985cbb28e6dc967b1624a0dfb1eb33adaa9dd522bb7fe6d339b859?s=96&d=mm&r=g\",\"caption\":\"Test_A_Admin\"},\"sameAs\":[\"https:\/\/az-broquetas.es\"]}]}<\/script>\n<!-- \/ Yoast SEO plugin. -->","yoast_head_json":{"title":"Journ\u00e9es des partenaires d'A\u00daNA Valence - AZ Broquetas","robots":{"index":"index","follow":"follow","max-snippet":"max-snippet:-1","max-image-preview":"max-image-preview:large","max-video-preview":"max-video-preview:-1"},"canonical":"https:\/\/az-broquetas.es\/fr\/journees-des-partenaires-dauna-valence","og_locale":"fr_FR","og_type":"article","og_title":"Journ\u00e9es des partenaires d'A\u00daNA Valence - AZ Broquetas","og_description":"Les entreprises de distribution associ\u00e9es \u00e0 A\u00daNA Distribuci\u00f3n vous invitent \u00e0 l&rsquo;\u00e9v\u00e9nement le plus complet, le plus int\u00e9ressant et le plus divertissant des secteurs de l&rsquo;\u00e9lectricit\u00e9, de la plomberie, du chauffage, de la climatisation et des \u00e9nergies renouvelables. Inscrivez-vous d\u00e8s que possible aux sessions qui vous int\u00e9ressent le plus. Le nombre de places est limit\u00e9.&hellip;","og_url":"https:\/\/az-broquetas.es\/fr\/journees-des-partenaires-dauna-valence","og_site_name":"AZ Broquetas","article_published_time":"2024-09-03T09:25:12+00:00","article_modified_time":"2024-09-03T09:25:14+00:00","og_image":[{"width":1280,"height":720,"url":"https:\/\/az-broquetas.es\/wp-content\/uploads\/2024\/09\/1723452338076.png","type":"image\/png"}],"author":"Test_A_Admin","twitter_card":"summary_large_image","twitter_misc":{"\u00c9crit par":"Test_A_Admin"},"schema":{"@context":"https:\/\/schema.org","@graph":[{"@type":"Article","@id":"https:\/\/az-broquetas.es\/fr\/journees-des-partenaires-dauna-valence#article","isPartOf":{"@id":"https:\/\/az-broquetas.es\/fr\/journees-des-partenaires-dauna-valence"},"author":{"name":"Test_A_Admin","@id":"https:\/\/az-broquetas.es\/fr#\/schema\/person\/7b11115370891598e3e00508ab129e4f"},"headline":"Journ\u00e9es des partenaires d&rsquo;A\u00daNA Valence","datePublished":"2024-09-03T09:25:12+00:00","dateModified":"2024-09-03T09:25:14+00:00","mainEntityOfPage":{"@id":"https:\/\/az-broquetas.es\/fr\/journees-des-partenaires-dauna-valence"},"wordCount":84,"commentCount":0,"publisher":{"@id":"https:\/\/az-broquetas.es\/fr#organization"},"image":{"@id":"https:\/\/az-broquetas.es\/fr\/journees-des-partenaires-dauna-valence#primaryimage"},"thumbnailUrl":"https:\/\/az-broquetas.es\/wp-content\/uploads\/2024\/09\/1723452338076.png","articleSection":["Ev\u00e9nements"],"inLanguage":"fr-FR","potentialAction":[{"@type":"CommentAction","name":"Comment","target":["https:\/\/az-broquetas.es\/fr\/journees-des-partenaires-dauna-valence#respond"]}]},{"@type":"WebPage","@id":"https:\/\/az-broquetas.es\/fr\/journees-des-partenaires-dauna-valence","url":"https:\/\/az-broquetas.es\/fr\/journees-des-partenaires-dauna-valence","name":"Journ\u00e9es des partenaires d'A\u00daNA Valence - AZ Broquetas","isPartOf":{"@id":"https:\/\/az-broquetas.es\/fr#website"},"primaryImageOfPage":{"@id":"https:\/\/az-broquetas.es\/fr\/journees-des-partenaires-dauna-valence#primaryimage"},"image":{"@id":"https:\/\/az-broquetas.es\/fr\/journees-des-partenaires-dauna-valence#primaryimage"},"thumbnailUrl":"https:\/\/az-broquetas.es\/wp-content\/uploads\/2024\/09\/1723452338076.png","datePublished":"2024-09-03T09:25:12+00:00","dateModified":"2024-09-03T09:25:14+00:00","breadcrumb":{"@id":"https:\/\/az-broquetas.es\/fr\/journees-des-partenaires-dauna-valence#breadcrumb"},"inLanguage":"fr-FR","potentialAction":[{"@type":"ReadAction","target":["https:\/\/az-broquetas.es\/fr\/journees-des-partenaires-dauna-valence"]}]},{"@type":"ImageObject","inLanguage":"fr-FR","@id":"https:\/\/az-broquetas.es\/fr\/journees-des-partenaires-dauna-valence#primaryimage","url":"https:\/\/az-broquetas.es\/wp-content\/uploads\/2024\/09\/1723452338076.png","contentUrl":"https:\/\/az-broquetas.es\/wp-content\/uploads\/2024\/09\/1723452338076.png","width":1280,"height":720,"caption":"AUNA partner days"},{"@type":"BreadcrumbList","@id":"https:\/\/az-broquetas.es\/fr\/journees-des-partenaires-dauna-valence#breadcrumb","itemListElement":[{"@type":"ListItem","position":1,"name":"Portada","item":"https:\/\/az-broquetas.es\/fr"},{"@type":"ListItem","position":2,"name":"Journ\u00e9es des partenaires d&#8217;A\u00daNA Valence"}]},{"@type":"WebSite","@id":"https:\/\/az-broquetas.es\/fr#website","url":"https:\/\/az-broquetas.es\/fr","name":"AZ Broquetas","description":"Soluciones de conexi\u00f3n innovadoras","publisher":{"@id":"https:\/\/az-broquetas.es\/fr#organization"},"potentialAction":[{"@type":"SearchAction","target":{"@type":"EntryPoint","urlTemplate":"https:\/\/az-broquetas.es\/fr?s={search_term_string}"},"query-input":{"@type":"PropertyValueSpecification","valueRequired":true,"valueName":"search_term_string"}}],"inLanguage":"fr-FR"},{"@type":"Organization","@id":"https:\/\/az-broquetas.es\/fr#organization","name":"AZ Broquetas","url":"https:\/\/az-broquetas.es\/fr","logo":{"@type":"ImageObject","inLanguage":"fr-FR","@id":"https:\/\/az-broquetas.es\/fr#\/schema\/logo\/image\/","url":"https:\/\/az-broquetas.es\/wp-content\/uploads\/2024\/03\/Logo-AZ.png","contentUrl":"https:\/\/az-broquetas.es\/wp-content\/uploads\/2024\/03\/Logo-AZ.png","width":350,"height":100,"caption":"AZ Broquetas"},"image":{"@id":"https:\/\/az-broquetas.es\/fr#\/schema\/logo\/image\/"},"sameAs":["https:\/\/www.linkedin.com\/company\/az-broquetas-s-l\/","https:\/\/www.youtube.com\/@azbroquetass.l7674"]},{"@type":"Person","@id":"https:\/\/az-broquetas.es\/fr#\/schema\/person\/7b11115370891598e3e00508ab129e4f","name":"Test_A_Admin","image":{"@type":"ImageObject","inLanguage":"fr-FR","@id":"https:\/\/az-broquetas.es\/fr#\/schema\/person\/image\/","url":"https:\/\/secure.gravatar.com\/avatar\/a76b37caac985cbb28e6dc967b1624a0dfb1eb33adaa9dd522bb7fe6d339b859?s=96&d=mm&r=g","contentUrl":"https:\/\/secure.gravatar.com\/avatar\/a76b37caac985cbb28e6dc967b1624a0dfb1eb33adaa9dd522bb7fe6d339b859?s=96&d=mm&r=g","caption":"Test_A_Admin"},"sameAs":["https:\/\/az-broquetas.es"]}]}},"_links":{"self":[{"href":"https:\/\/az-broquetas.es\/fr\/wp-json\/wp\/v2\/posts\/17364","targetHints":{"allow":["GET"]}}],"collection":[{"href":"https:\/\/az-broquetas.es\/fr\/wp-json\/wp\/v2\/posts"}],"about":[{"href":"https:\/\/az-broquetas.es\/fr\/wp-json\/wp\/v2\/types\/post"}],"author":[{"embeddable":true,"href":"https:\/\/az-broquetas.es\/fr\/wp-json\/wp\/v2\/users\/1"}],"replies":[{"embeddable":true,"href":"https:\/\/az-broquetas.es\/fr\/wp-json\/wp\/v2\/comments?post=17364"}],"version-history":[{"count":1,"href":"https:\/\/az-broquetas.es\/fr\/wp-json\/wp\/v2\/posts\/17364\/revisions"}],"predecessor-version":[{"id":17365,"href":"https:\/\/az-broquetas.es\/fr\/wp-json\/wp\/v2\/posts\/17364\/revisions\/17365"}],"wp:featuredmedia":[{"embeddable":true,"href":"https:\/\/az-broquetas.es\/fr\/wp-json\/wp\/v2\/media\/17362"}],"wp:attachment":[{"href":"https:\/\/az-broquetas.es\/fr\/wp-json\/wp\/v2\/media?parent=17364"}],"wp:term":[{"taxonomy":"category","embeddable":true,"href":"https:\/\/az-broquetas.es\/fr\/wp-json\/wp\/v2\/categories?post=17364"},{"taxonomy":"post_tag","embeddable":true,"href":"https:\/\/az-broquetas.es\/fr\/wp-json\/wp\/v2\/tags?post=17364"}],"curies":[{"name":"wp","href":"https:\/\/api.w.org\/{rel}","templated":true}]}}