{"id":17649,"date":"2025-02-14T10:41:43","date_gmt":"2025-02-14T10:41:43","guid":{"rendered":"https:\/\/az-broquetas.es\/rendez-vous-aux-principaux-evenements-du-secteur"},"modified":"2025-11-11T16:29:36","modified_gmt":"2025-11-11T16:29:36","slug":"rendez-vous-aux-principaux-evenements-du-secteur","status":"publish","type":"post","link":"https:\/\/az-broquetas.es\/fr\/rendez-vous-aux-principaux-evenements-du-secteur","title":{"rendered":"AZ Broquetas sera pr\u00e9sent aux principaux \u00e9v\u00e9nements du secteur en 2025"},"content":{"rendered":"\t\t<div data-elementor-type=\"wp-post\" data-elementor-id=\"17649\" class=\"elementor elementor-17649 elementor-17620\" data-elementor-post-type=\"post\">\n\t\t\t\t<div class=\"elementor-element elementor-element-60ed8d37 e-flex e-con-boxed e-con e-parent\" data-id=\"60ed8d37\" data-element_type=\"container\">\n\t\t\t\t\t<div class=\"e-con-inner\">\n\t\t\t\t<div class=\"elementor-element elementor-element-7c19e52f elementor-widget elementor-widget-text-editor\" data-id=\"7c19e52f\" data-element_type=\"widget\" data-widget_type=\"text-editor.default\">\n\t\t\t\t<div class=\"elementor-widget-container\">\n\t\t\t\t\t\t\t<p>Cette ann\u00e9e 2025 regorge d\u2019opportunit\u00e9s d\u2019apprendre, de se connecter et de grandir ensemble.<\/p><p>Cette ann\u00e9e, AZ Broquetas sera pr\u00e9sent \u00e0 trois \u00e9v\u00e9nements majeurs :<\/p><p>\ud83d\udccd <a href=\"https:\/\/www.linkedin.com\/company\/ish-frankfurt\/\">ISH Frankfurt<\/a> en collaboration avec <a href=\"https:\/\/www.linkedin.com\/company\/azintec\/\">AZ INTEC GmbH<\/a> &#8211; Le plus grand salon au monde pour le chauffage, la ventilation, la climatisation et l&rsquo;eau.<br>\ud83d\udccd AUNA Partner Days of <a href=\"https:\/\/www.linkedin.com\/company\/aunaccs\/\">A\u00daNA Distribuci\u00f3n<\/a> (Editions : Barcelona, Valladolid, C\u00f3rdoba) &#8211; Une rencontre cl\u00e9 avec les distributeurs et les professionnels du secteur.<br>\ud83d\udccd <a href=\"https:\/\/www.linkedin.com\/company\/climatizaci%C3%B3n-y-refrigeraci%C3%B3n\/\">CLIMATISATION ET REFRIGERATION<\/a> (C&amp;R) &#8211; Salon international de la climatisation et de la r\u00e9frig\u00e9ration.<\/p><p>Venez d\u00e9couvrir nos solutions, rencontrer notre \u00e9quipe et vous informer sur les derni\u00e8res tendances du march\u00e9.<\/p><p>\ud83d\udd17 Consultez notre calendrier et rejoignez-nous \u00e0 chaque \u00e9v\u00e9nement. Au plaisir de vous y voir ! <\/p>\t\t\t\t\t\t<\/div>\n\t\t\t\t<\/div>\n\t\t\t\t\t<\/div>\n\t\t\t\t<\/div>\n\t\t<div class=\"elementor-element elementor-element-973f8ba e-flex e-con-boxed e-con e-parent\" data-id=\"973f8ba\" data-element_type=\"container\">\n\t\t\t\t\t<div class=\"e-con-inner\">\n\t\t\t\t<div class=\"elementor-element elementor-element-61a1a8b elementor-arrows-position-inside elementor-pagination-position-outside elementor-widget elementor-widget-image-carousel\" data-id=\"61a1a8b\" data-element_type=\"widget\" data-settings=\"{&quot;slides_to_show&quot;:&quot;1&quot;,&quot;navigation&quot;:&quot;both&quot;,&quot;autoplay&quot;:&quot;yes&quot;,&quot;pause_on_hover&quot;:&quot;yes&quot;,&quot;pause_on_interaction&quot;:&quot;yes&quot;,&quot;autoplay_speed&quot;:5000,&quot;infinite&quot;:&quot;yes&quot;,&quot;effect&quot;:&quot;slide&quot;,&quot;speed&quot;:500}\" data-widget_type=\"image-carousel.default\">\n\t\t\t\t<div class=\"elementor-widget-container\">\n\t\t\t\t\t<div class=\"elementor-image-carousel-wrapper swiper\" dir=\"ltr\">\n\t\t\t<div class=\"elementor-image-carousel swiper-wrapper\" aria-live=\"off\">\n\t\t\t\t\t\t\t\t<div class=\"swiper-slide\" role=\"group\" aria-roledescription=\"slide\" aria-label=\"1 sur 5\"><figure class=\"swiper-slide-inner\"><img decoding=\"async\" class=\"swiper-slide-image\" src=\"https:\/\/az-broquetas.es\/wp-content\/uploads\/2025\/02\/1739204826273_page-0001-1-819x1024.jpg\" alt=\"ISH 2025\" \/><\/figure><\/div><div class=\"swiper-slide\" role=\"group\" aria-roledescription=\"slide\" aria-label=\"2 sur 5\"><figure class=\"swiper-slide-inner\"><img decoding=\"async\" class=\"swiper-slide-image\" src=\"https:\/\/az-broquetas.es\/wp-content\/uploads\/2025\/02\/1739204826273_page-0002-819x1024.jpg\" alt=\"APD BARC\" \/><\/figure><\/div><div class=\"swiper-slide\" role=\"group\" aria-roledescription=\"slide\" aria-label=\"3 sur 5\"><figure class=\"swiper-slide-inner\"><img decoding=\"async\" class=\"swiper-slide-image\" src=\"https:\/\/az-broquetas.es\/wp-content\/uploads\/2025\/02\/1739204826273_page-0003-819x1024.jpg\" alt=\"APD VALLADOLID\" \/><\/figure><\/div><div class=\"swiper-slide\" role=\"group\" aria-roledescription=\"slide\" aria-label=\"4 sur 5\"><figure class=\"swiper-slide-inner\"><img decoding=\"async\" class=\"swiper-slide-image\" src=\"https:\/\/az-broquetas.es\/wp-content\/uploads\/2025\/02\/1739204826273_page-0005-819x1024.jpg\" alt=\"C&amp;R\" \/><\/figure><\/div><div class=\"swiper-slide\" role=\"group\" aria-roledescription=\"slide\" aria-label=\"5 sur 5\"><figure class=\"swiper-slide-inner\"><img decoding=\"async\" class=\"swiper-slide-image\" src=\"https:\/\/az-broquetas.es\/wp-content\/uploads\/2025\/02\/1739204826273_page-0004-819x1024.jpg\" alt=\"APD C\u00d3RDOBA\" \/><\/figure><\/div>\t\t\t<\/div>\n\t\t\t\t\t\t\t\t\t\t\t\t<div class=\"elementor-swiper-button elementor-swiper-button-prev\" role=\"button\" tabindex=\"0\">\n\t\t\t\t\t\t<svg aria-hidden=\"true\" class=\"e-font-icon-svg e-eicon-chevron-left\" viewBox=\"0 0 1000 1000\" xmlns=\"http:\/\/www.w3.org\/2000\/svg\"><path d=\"M646 125C629 125 613 133 604 142L308 442C296 454 292 471 292 487 292 504 296 521 308 533L604 854C617 867 629 875 646 875 663 875 679 871 692 858 704 846 713 829 713 812 713 796 708 779 692 767L438 487 692 225C700 217 708 204 708 187 708 171 704 154 692 142 675 129 663 125 646 125Z\"><\/path><\/svg>\t\t\t\t\t<\/div>\n\t\t\t\t\t<div class=\"elementor-swiper-button elementor-swiper-button-next\" role=\"button\" tabindex=\"0\">\n\t\t\t\t\t\t<svg aria-hidden=\"true\" class=\"e-font-icon-svg e-eicon-chevron-right\" viewBox=\"0 0 1000 1000\" xmlns=\"http:\/\/www.w3.org\/2000\/svg\"><path d=\"M696 533C708 521 713 504 713 487 713 471 708 454 696 446L400 146C388 133 375 125 354 125 338 125 325 129 313 142 300 154 292 171 292 187 292 204 296 221 308 233L563 492 304 771C292 783 288 800 288 817 288 833 296 850 308 863 321 871 338 875 354 875 371 875 388 867 400 854L696 533Z\"><\/path><\/svg>\t\t\t\t\t<\/div>\n\t\t\t\t\n\t\t\t\t\t\t\t\t\t<div class=\"swiper-pagination\"><\/div>\n\t\t\t\t\t\t\t\t\t<\/div>\n\t\t\t\t<\/div>\n\t\t\t\t<\/div>\n\t\t\t\t\t<\/div>\n\t\t\t\t<\/div>\n\t\t\t\t<\/div>\n\t\t","protected":false},"excerpt":{"rendered":"<p>Cette ann\u00e9e 2025 regorge d\u2019opportunit\u00e9s d\u2019apprendre, de se connecter et de grandir ensemble. Cette ann\u00e9e, AZ Broquetas sera pr\u00e9sent \u00e0 trois \u00e9v\u00e9nements majeurs : \ud83d\udccd ISH Frankfurt en collaboration avec AZ INTEC GmbH &#8211; Le plus grand salon au monde pour le chauffage, la ventilation, la climatisation et l&rsquo;eau.\ud83d\udccd AUNA Partner Days of A\u00daNA Distribuci\u00f3n&hellip;<\/p>\n","protected":false},"author":3,"featured_media":17623,"comment_status":"open","ping_status":"open","sticky":false,"template":"","format":"standard","meta":{"footnotes":""},"categories":[144],"tags":[],"class_list":["post-17649","post","type-post","status-publish","format-standard","has-post-thumbnail","hentry","category-evenements"],"yoast_head":"<!-- This site is optimized with the Yoast SEO plugin v26.9 - https:\/\/yoast.com\/product\/yoast-seo-wordpress\/ -->\n<title>AZ Broquetas participera aux principaux \u00e9v\u00e9nements de CVC en 2025 -% AZ Broquetas% AZ Broquetas%%AZ Broquetas%%%%%AZ Broquetas%%%%.<\/title>\n<meta name=\"description\" content=\"AZ Broquetas sera pr\u00e9sent \u00e0 ISH Francfort, aux journ\u00e9es des partenaires d&#039;A\u00daNA et \u00e0 C&amp;R Madrid 2025. D\u00e9couvrez les dates et les opportunit\u00e9s pour conna\u00eetre nos solutions.\" \/>\n<meta name=\"robots\" content=\"index, follow, max-snippet:-1, max-image-preview:large, max-video-preview:-1\" \/>\n<link rel=\"canonical\" href=\"https:\/\/az-broquetas.es\/fr\/rendez-vous-aux-principaux-evenements-du-secteur\" \/>\n<meta property=\"og:locale\" content=\"fr_FR\" \/>\n<meta property=\"og:type\" content=\"article\" \/>\n<meta property=\"og:title\" content=\"AZ Broquetas participera aux principaux \u00e9v\u00e9nements de CVC en 2025 -% AZ Broquetas% AZ Broquetas%%AZ Broquetas%%%%%AZ Broquetas%%%%.\" \/>\n<meta property=\"og:description\" content=\"AZ Broquetas sera pr\u00e9sent \u00e0 ISH Francfort, aux journ\u00e9es des partenaires d&#039;A\u00daNA et \u00e0 C&amp;R Madrid 2025. D\u00e9couvrez les dates et les opportunit\u00e9s pour conna\u00eetre nos solutions.\" \/>\n<meta property=\"og:url\" content=\"https:\/\/az-broquetas.es\/fr\/rendez-vous-aux-principaux-evenements-du-secteur\" \/>\n<meta property=\"og:site_name\" content=\"AZ Broquetas\" \/>\n<meta property=\"article:published_time\" content=\"2025-02-14T10:41:43+00:00\" \/>\n<meta property=\"article:modified_time\" content=\"2025-11-11T16:29:36+00:00\" \/>\n<meta property=\"og:image\" content=\"https:\/\/az-broquetas.es\/wp-content\/uploads\/2025\/02\/1739204826273_page-0006.jpg\" \/>\n\t<meta property=\"og:image:width\" content=\"1875\" \/>\n\t<meta property=\"og:image:height\" content=\"2344\" \/>\n\t<meta property=\"og:image:type\" content=\"image\/jpeg\" \/>\n<meta name=\"author\" content=\"Sonia\" \/>\n<meta name=\"twitter:card\" content=\"summary_large_image\" \/>\n<meta name=\"twitter:label1\" content=\"\u00c9crit par\" \/>\n\t<meta name=\"twitter:data1\" content=\"Sonia\" \/>\n\t<meta name=\"twitter:label2\" content=\"Dur\u00e9e de lecture estim\u00e9e\" \/>\n\t<meta name=\"twitter:data2\" content=\"2 minutes\" \/>\n<script type=\"application\/ld+json\" class=\"yoast-schema-graph\">{\"@context\":\"https:\/\/schema.org\",\"@graph\":[{\"@type\":\"Article\",\"@id\":\"https:\/\/az-broquetas.es\/fr\/rendez-vous-aux-principaux-evenements-du-secteur#article\",\"isPartOf\":{\"@id\":\"https:\/\/az-broquetas.es\/fr\/rendez-vous-aux-principaux-evenements-du-secteur\"},\"author\":{\"name\":\"Sonia\",\"@id\":\"https:\/\/az-broquetas.es\/fr#\/schema\/person\/fec410f538c8a3712a07db5a1695115f\"},\"headline\":\"AZ Broquetas sera pr\u00e9sent aux principaux \u00e9v\u00e9nements du secteur en 2025\",\"datePublished\":\"2025-02-14T10:41:43+00:00\",\"dateModified\":\"2025-11-11T16:29:36+00:00\",\"mainEntityOfPage\":{\"@id\":\"https:\/\/az-broquetas.es\/fr\/rendez-vous-aux-principaux-evenements-du-secteur\"},\"wordCount\":140,\"commentCount\":0,\"publisher\":{\"@id\":\"https:\/\/az-broquetas.es\/fr#organization\"},\"image\":{\"@id\":\"https:\/\/az-broquetas.es\/fr\/rendez-vous-aux-principaux-evenements-du-secteur#primaryimage\"},\"thumbnailUrl\":\"https:\/\/az-broquetas.es\/wp-content\/uploads\/2025\/02\/1739204826273_page-0006.jpg\",\"articleSection\":[\"Ev\u00e9nements\"],\"inLanguage\":\"fr-FR\",\"potentialAction\":[{\"@type\":\"CommentAction\",\"name\":\"Comment\",\"target\":[\"https:\/\/az-broquetas.es\/fr\/rendez-vous-aux-principaux-evenements-du-secteur#respond\"]}]},{\"@type\":\"WebPage\",\"@id\":\"https:\/\/az-broquetas.es\/fr\/rendez-vous-aux-principaux-evenements-du-secteur\",\"url\":\"https:\/\/az-broquetas.es\/fr\/rendez-vous-aux-principaux-evenements-du-secteur\",\"name\":\"AZ Broquetas participera aux principaux \u00e9v\u00e9nements de CVC en 2025 -% AZ Broquetas% AZ Broquetas%%AZ Broquetas%%%%%AZ Broquetas%%%%.\",\"isPartOf\":{\"@id\":\"https:\/\/az-broquetas.es\/fr#website\"},\"primaryImageOfPage\":{\"@id\":\"https:\/\/az-broquetas.es\/fr\/rendez-vous-aux-principaux-evenements-du-secteur#primaryimage\"},\"image\":{\"@id\":\"https:\/\/az-broquetas.es\/fr\/rendez-vous-aux-principaux-evenements-du-secteur#primaryimage\"},\"thumbnailUrl\":\"https:\/\/az-broquetas.es\/wp-content\/uploads\/2025\/02\/1739204826273_page-0006.jpg\",\"datePublished\":\"2025-02-14T10:41:43+00:00\",\"dateModified\":\"2025-11-11T16:29:36+00:00\",\"description\":\"AZ Broquetas sera pr\u00e9sent \u00e0 ISH Francfort, aux journ\u00e9es des partenaires d'A\u00daNA et \u00e0 C&R Madrid 2025. D\u00e9couvrez les dates et les opportunit\u00e9s pour conna\u00eetre nos solutions.\",\"breadcrumb\":{\"@id\":\"https:\/\/az-broquetas.es\/fr\/rendez-vous-aux-principaux-evenements-du-secteur#breadcrumb\"},\"inLanguage\":\"fr-FR\",\"potentialAction\":[{\"@type\":\"ReadAction\",\"target\":[\"https:\/\/az-broquetas.es\/fr\/rendez-vous-aux-principaux-evenements-du-secteur\"]}]},{\"@type\":\"ImageObject\",\"inLanguage\":\"fr-FR\",\"@id\":\"https:\/\/az-broquetas.es\/fr\/rendez-vous-aux-principaux-evenements-du-secteur#primaryimage\",\"url\":\"https:\/\/az-broquetas.es\/wp-content\/uploads\/2025\/02\/1739204826273_page-0006.jpg\",\"contentUrl\":\"https:\/\/az-broquetas.es\/wp-content\/uploads\/2025\/02\/1739204826273_page-0006.jpg\",\"width\":1875,\"height\":2344,\"caption\":\"Eventos AZ Broquetas\"},{\"@type\":\"BreadcrumbList\",\"@id\":\"https:\/\/az-broquetas.es\/fr\/rendez-vous-aux-principaux-evenements-du-secteur#breadcrumb\",\"itemListElement\":[{\"@type\":\"ListItem\",\"position\":1,\"name\":\"Portada\",\"item\":\"https:\/\/az-broquetas.es\/fr\"},{\"@type\":\"ListItem\",\"position\":2,\"name\":\"AZ Broquetas sera pr\u00e9sent aux principaux \u00e9v\u00e9nements du secteur en 2025\"}]},{\"@type\":\"WebSite\",\"@id\":\"https:\/\/az-broquetas.es\/fr#website\",\"url\":\"https:\/\/az-broquetas.es\/fr\",\"name\":\"AZ Broquetas\",\"description\":\"Soluciones de conexi\u00f3n innovadoras\",\"publisher\":{\"@id\":\"https:\/\/az-broquetas.es\/fr#organization\"},\"potentialAction\":[{\"@type\":\"SearchAction\",\"target\":{\"@type\":\"EntryPoint\",\"urlTemplate\":\"https:\/\/az-broquetas.es\/fr?s={search_term_string}\"},\"query-input\":{\"@type\":\"PropertyValueSpecification\",\"valueRequired\":true,\"valueName\":\"search_term_string\"}}],\"inLanguage\":\"fr-FR\"},{\"@type\":\"Organization\",\"@id\":\"https:\/\/az-broquetas.es\/fr#organization\",\"name\":\"AZ Broquetas\",\"url\":\"https:\/\/az-broquetas.es\/fr\",\"logo\":{\"@type\":\"ImageObject\",\"inLanguage\":\"fr-FR\",\"@id\":\"https:\/\/az-broquetas.es\/fr#\/schema\/logo\/image\/\",\"url\":\"https:\/\/az-broquetas.es\/wp-content\/uploads\/2024\/03\/Logo-AZ.png\",\"contentUrl\":\"https:\/\/az-broquetas.es\/wp-content\/uploads\/2024\/03\/Logo-AZ.png\",\"width\":350,\"height\":100,\"caption\":\"AZ Broquetas\"},\"image\":{\"@id\":\"https:\/\/az-broquetas.es\/fr#\/schema\/logo\/image\/\"},\"sameAs\":[\"https:\/\/www.linkedin.com\/company\/az-broquetas-s-l\/\",\"https:\/\/www.youtube.com\/@azbroquetass.l7674\"]},{\"@type\":\"Person\",\"@id\":\"https:\/\/az-broquetas.es\/fr#\/schema\/person\/fec410f538c8a3712a07db5a1695115f\",\"name\":\"Sonia\",\"image\":{\"@type\":\"ImageObject\",\"inLanguage\":\"fr-FR\",\"@id\":\"https:\/\/az-broquetas.es\/fr#\/schema\/person\/image\/\",\"url\":\"https:\/\/secure.gravatar.com\/avatar\/9488b617977cf297a91217e6459fab3bba303b77184e1fa2045ac86ffb34189b?s=96&d=mm&r=g\",\"contentUrl\":\"https:\/\/secure.gravatar.com\/avatar\/9488b617977cf297a91217e6459fab3bba303b77184e1fa2045ac86ffb34189b?s=96&d=mm&r=g\",\"caption\":\"Sonia\"}}]}<\/script>\n<!-- \/ Yoast SEO plugin. -->","yoast_head_json":{"title":"AZ Broquetas participera aux principaux \u00e9v\u00e9nements de CVC en 2025 -% AZ Broquetas% AZ Broquetas%%AZ Broquetas%%%%%AZ Broquetas%%%%.","description":"AZ Broquetas sera pr\u00e9sent \u00e0 ISH Francfort, aux journ\u00e9es des partenaires d'A\u00daNA et \u00e0 C&R Madrid 2025. D\u00e9couvrez les dates et les opportunit\u00e9s pour conna\u00eetre nos solutions.","robots":{"index":"index","follow":"follow","max-snippet":"max-snippet:-1","max-image-preview":"max-image-preview:large","max-video-preview":"max-video-preview:-1"},"canonical":"https:\/\/az-broquetas.es\/fr\/rendez-vous-aux-principaux-evenements-du-secteur","og_locale":"fr_FR","og_type":"article","og_title":"AZ Broquetas participera aux principaux \u00e9v\u00e9nements de CVC en 2025 -% AZ Broquetas% AZ Broquetas%%AZ Broquetas%%%%%AZ Broquetas%%%%.","og_description":"AZ Broquetas sera pr\u00e9sent \u00e0 ISH Francfort, aux journ\u00e9es des partenaires d'A\u00daNA et \u00e0 C&R Madrid 2025. D\u00e9couvrez les dates et les opportunit\u00e9s pour conna\u00eetre nos solutions.","og_url":"https:\/\/az-broquetas.es\/fr\/rendez-vous-aux-principaux-evenements-du-secteur","og_site_name":"AZ Broquetas","article_published_time":"2025-02-14T10:41:43+00:00","article_modified_time":"2025-11-11T16:29:36+00:00","og_image":[{"width":1875,"height":2344,"url":"https:\/\/az-broquetas.es\/wp-content\/uploads\/2025\/02\/1739204826273_page-0006.jpg","type":"image\/jpeg"}],"author":"Sonia","twitter_card":"summary_large_image","twitter_misc":{"\u00c9crit par":"Sonia","Dur\u00e9e de lecture estim\u00e9e":"2 minutes"},"schema":{"@context":"https:\/\/schema.org","@graph":[{"@type":"Article","@id":"https:\/\/az-broquetas.es\/fr\/rendez-vous-aux-principaux-evenements-du-secteur#article","isPartOf":{"@id":"https:\/\/az-broquetas.es\/fr\/rendez-vous-aux-principaux-evenements-du-secteur"},"author":{"name":"Sonia","@id":"https:\/\/az-broquetas.es\/fr#\/schema\/person\/fec410f538c8a3712a07db5a1695115f"},"headline":"AZ Broquetas sera pr\u00e9sent aux principaux \u00e9v\u00e9nements du secteur en 2025","datePublished":"2025-02-14T10:41:43+00:00","dateModified":"2025-11-11T16:29:36+00:00","mainEntityOfPage":{"@id":"https:\/\/az-broquetas.es\/fr\/rendez-vous-aux-principaux-evenements-du-secteur"},"wordCount":140,"commentCount":0,"publisher":{"@id":"https:\/\/az-broquetas.es\/fr#organization"},"image":{"@id":"https:\/\/az-broquetas.es\/fr\/rendez-vous-aux-principaux-evenements-du-secteur#primaryimage"},"thumbnailUrl":"https:\/\/az-broquetas.es\/wp-content\/uploads\/2025\/02\/1739204826273_page-0006.jpg","articleSection":["Ev\u00e9nements"],"inLanguage":"fr-FR","potentialAction":[{"@type":"CommentAction","name":"Comment","target":["https:\/\/az-broquetas.es\/fr\/rendez-vous-aux-principaux-evenements-du-secteur#respond"]}]},{"@type":"WebPage","@id":"https:\/\/az-broquetas.es\/fr\/rendez-vous-aux-principaux-evenements-du-secteur","url":"https:\/\/az-broquetas.es\/fr\/rendez-vous-aux-principaux-evenements-du-secteur","name":"AZ Broquetas participera aux principaux \u00e9v\u00e9nements de CVC en 2025 -% AZ Broquetas% AZ Broquetas%%AZ Broquetas%%%%%AZ Broquetas%%%%.","isPartOf":{"@id":"https:\/\/az-broquetas.es\/fr#website"},"primaryImageOfPage":{"@id":"https:\/\/az-broquetas.es\/fr\/rendez-vous-aux-principaux-evenements-du-secteur#primaryimage"},"image":{"@id":"https:\/\/az-broquetas.es\/fr\/rendez-vous-aux-principaux-evenements-du-secteur#primaryimage"},"thumbnailUrl":"https:\/\/az-broquetas.es\/wp-content\/uploads\/2025\/02\/1739204826273_page-0006.jpg","datePublished":"2025-02-14T10:41:43+00:00","dateModified":"2025-11-11T16:29:36+00:00","description":"AZ Broquetas sera pr\u00e9sent \u00e0 ISH Francfort, aux journ\u00e9es des partenaires d'A\u00daNA et \u00e0 C&R Madrid 2025. D\u00e9couvrez les dates et les opportunit\u00e9s pour conna\u00eetre nos solutions.","breadcrumb":{"@id":"https:\/\/az-broquetas.es\/fr\/rendez-vous-aux-principaux-evenements-du-secteur#breadcrumb"},"inLanguage":"fr-FR","potentialAction":[{"@type":"ReadAction","target":["https:\/\/az-broquetas.es\/fr\/rendez-vous-aux-principaux-evenements-du-secteur"]}]},{"@type":"ImageObject","inLanguage":"fr-FR","@id":"https:\/\/az-broquetas.es\/fr\/rendez-vous-aux-principaux-evenements-du-secteur#primaryimage","url":"https:\/\/az-broquetas.es\/wp-content\/uploads\/2025\/02\/1739204826273_page-0006.jpg","contentUrl":"https:\/\/az-broquetas.es\/wp-content\/uploads\/2025\/02\/1739204826273_page-0006.jpg","width":1875,"height":2344,"caption":"Eventos AZ Broquetas"},{"@type":"BreadcrumbList","@id":"https:\/\/az-broquetas.es\/fr\/rendez-vous-aux-principaux-evenements-du-secteur#breadcrumb","itemListElement":[{"@type":"ListItem","position":1,"name":"Portada","item":"https:\/\/az-broquetas.es\/fr"},{"@type":"ListItem","position":2,"name":"AZ Broquetas sera pr\u00e9sent aux principaux \u00e9v\u00e9nements du secteur en 2025"}]},{"@type":"WebSite","@id":"https:\/\/az-broquetas.es\/fr#website","url":"https:\/\/az-broquetas.es\/fr","name":"AZ Broquetas","description":"Soluciones de conexi\u00f3n innovadoras","publisher":{"@id":"https:\/\/az-broquetas.es\/fr#organization"},"potentialAction":[{"@type":"SearchAction","target":{"@type":"EntryPoint","urlTemplate":"https:\/\/az-broquetas.es\/fr?s={search_term_string}"},"query-input":{"@type":"PropertyValueSpecification","valueRequired":true,"valueName":"search_term_string"}}],"inLanguage":"fr-FR"},{"@type":"Organization","@id":"https:\/\/az-broquetas.es\/fr#organization","name":"AZ Broquetas","url":"https:\/\/az-broquetas.es\/fr","logo":{"@type":"ImageObject","inLanguage":"fr-FR","@id":"https:\/\/az-broquetas.es\/fr#\/schema\/logo\/image\/","url":"https:\/\/az-broquetas.es\/wp-content\/uploads\/2024\/03\/Logo-AZ.png","contentUrl":"https:\/\/az-broquetas.es\/wp-content\/uploads\/2024\/03\/Logo-AZ.png","width":350,"height":100,"caption":"AZ Broquetas"},"image":{"@id":"https:\/\/az-broquetas.es\/fr#\/schema\/logo\/image\/"},"sameAs":["https:\/\/www.linkedin.com\/company\/az-broquetas-s-l\/","https:\/\/www.youtube.com\/@azbroquetass.l7674"]},{"@type":"Person","@id":"https:\/\/az-broquetas.es\/fr#\/schema\/person\/fec410f538c8a3712a07db5a1695115f","name":"Sonia","image":{"@type":"ImageObject","inLanguage":"fr-FR","@id":"https:\/\/az-broquetas.es\/fr#\/schema\/person\/image\/","url":"https:\/\/secure.gravatar.com\/avatar\/9488b617977cf297a91217e6459fab3bba303b77184e1fa2045ac86ffb34189b?s=96&d=mm&r=g","contentUrl":"https:\/\/secure.gravatar.com\/avatar\/9488b617977cf297a91217e6459fab3bba303b77184e1fa2045ac86ffb34189b?s=96&d=mm&r=g","caption":"Sonia"}}]}},"_links":{"self":[{"href":"https:\/\/az-broquetas.es\/fr\/wp-json\/wp\/v2\/posts\/17649","targetHints":{"allow":["GET"]}}],"collection":[{"href":"https:\/\/az-broquetas.es\/fr\/wp-json\/wp\/v2\/posts"}],"about":[{"href":"https:\/\/az-broquetas.es\/fr\/wp-json\/wp\/v2\/types\/post"}],"author":[{"embeddable":true,"href":"https:\/\/az-broquetas.es\/fr\/wp-json\/wp\/v2\/users\/3"}],"replies":[{"embeddable":true,"href":"https:\/\/az-broquetas.es\/fr\/wp-json\/wp\/v2\/comments?post=17649"}],"version-history":[{"count":7,"href":"https:\/\/az-broquetas.es\/fr\/wp-json\/wp\/v2\/posts\/17649\/revisions"}],"predecessor-version":[{"id":18860,"href":"https:\/\/az-broquetas.es\/fr\/wp-json\/wp\/v2\/posts\/17649\/revisions\/18860"}],"wp:featuredmedia":[{"embeddable":true,"href":"https:\/\/az-broquetas.es\/fr\/wp-json\/wp\/v2\/media\/17623"}],"wp:attachment":[{"href":"https:\/\/az-broquetas.es\/fr\/wp-json\/wp\/v2\/media?parent=17649"}],"wp:term":[{"taxonomy":"category","embeddable":true,"href":"https:\/\/az-broquetas.es\/fr\/wp-json\/wp\/v2\/categories?post=17649"},{"taxonomy":"post_tag","embeddable":true,"href":"https:\/\/az-broquetas.es\/fr\/wp-json\/wp\/v2\/tags?post=17649"}],"curies":[{"name":"wp","href":"https:\/\/api.w.org\/{rel}","templated":true}]}}