{"id":19143,"date":"2025-12-09T13:57:04","date_gmt":"2025-12-09T13:57:04","guid":{"rendered":"https:\/\/az-broquetas.es\/az-broquetas-presente-ses-innovations-en-matiere-de-climatisation-et-de-refrigeration-au-salon-cr-2025"},"modified":"2025-12-09T13:57:05","modified_gmt":"2025-12-09T13:57:05","slug":"az-broquetas-presente-ses-innovations-en-matiere-de-climatisation-et-de-refrigeration-au-salon-cr-2025","status":"publish","type":"post","link":"https:\/\/az-broquetas.es\/fr\/az-broquetas-presente-ses-innovations-en-matiere-de-climatisation-et-de-refrigeration-au-salon-cr-2025","title":{"rendered":"AZ Broquetas pr\u00e9sente ses innovations en mati\u00e8re de climatisation et de r\u00e9frig\u00e9ration au salon (C&amp;R) 2025"},"content":{"rendered":"\n<p>AZ Broquetas a d\u00e9but\u00e9 sa participation \u00e0 la foire <strong>Climatizaci\u00f3n y Refrigeraci\u00f3n (C&amp;R) 2025<\/strong>, l&rsquo;une des rencontres professionnelles les plus pertinentes du secteur HVAC en Espagne, qui se tient \u00e0 <strong>IFEMA Madrid<\/strong>. Cet \u00e9v\u00e9nement rassemble des entreprises, des installateurs, des distributeurs et des sp\u00e9cialistes dans le domaine de la climatisation, de la ventilation et de la r\u00e9frig\u00e9ration, se consolidant comme un point strat\u00e9gique pour pr\u00e9senter des innovations et renforcer les relations avec le march\u00e9. <\/p>\n\n<p>Lors de cette \u00e9dition, l&rsquo;entreprise est pr\u00eate \u00e0 pr\u00e9senter ses solutions les plus avanc\u00e9es en mati\u00e8re de climatisation ainsi que plusieurs nouveaux produits destin\u00e9s \u00e0 am\u00e9liorer l&rsquo;efficacit\u00e9, la s\u00e9curit\u00e9 et les performances des installations. Les visiteurs pourront voir de pr\u00e8s les syst\u00e8mes de tuyaux flexibles ondul\u00e9s CATS, les vannes de s\u00e9curit\u00e9 et de contr\u00f4le du gaz, les tuyaux extensibles pour le gaz et l&rsquo;eau, parmi d&rsquo;autres produits remarquables. <\/p>\n\n<p>(C&amp;R) 2025 est une occasion id\u00e9ale pour AZ Broquetas d&rsquo;approcher les clients, les distributeurs et les professionnels \u00e0 la recherche de solutions fiables et durables. Depuis le stand, son \u00e9quipe r\u00e9pondra aux questions, montrera des applications r\u00e9elles et partagera l&rsquo;exp\u00e9rience accumul\u00e9e dans le d\u00e9veloppement de composants con\u00e7us pour offrir r\u00e9sistance, pr\u00e9cision et performances optimales dans les projets de climatisation et de r\u00e9frig\u00e9ration. <\/p>\n\n<p>L&rsquo;entreprise invite tous les participants \u00e0 visiter le <strong>stand 7D06 dans le hall 7<\/strong>, o\u00f9 ils pourront d\u00e9couvrir ses solutions et discuter avec l&rsquo;\u00e9quipe des besoins actuels et futurs du secteur.<\/p>\n","protected":false},"excerpt":{"rendered":"<p>AZ Broquetas a d\u00e9but\u00e9 sa participation \u00e0 la foire Climatizaci\u00f3n y Refrigeraci\u00f3n (C&amp;R) 2025, l&rsquo;une des rencontres professionnelles les plus pertinentes du secteur HVAC en Espagne, qui se tient \u00e0 IFEMA Madrid. Cet \u00e9v\u00e9nement rassemble des entreprises, des installateurs, des distributeurs et des sp\u00e9cialistes dans le domaine de la climatisation, de la ventilation et de&hellip;<\/p>\n","protected":false},"author":1,"featured_media":19138,"comment_status":"open","ping_status":"open","sticky":false,"template":"","format":"standard","meta":{"footnotes":""},"categories":[144,148],"tags":[],"class_list":["post-19143","post","type-post","status-publish","format-standard","has-post-thumbnail","hentry","category-evenements","category-nouveautes","category-144","category-148","description-off"],"yoast_head":"<!-- This site is optimized with the Yoast SEO plugin v26.9 - https:\/\/yoast.com\/product\/yoast-seo-wordpress\/ -->\n<title>AZ Broquetas pr\u00e9sente ses innovations en mati\u00e8re de climatisation et de r\u00e9frig\u00e9ration au salon (C&amp;R) 2025 - AZ Broquetas<\/title>\n<meta name=\"robots\" content=\"index, follow, max-snippet:-1, max-image-preview:large, max-video-preview:-1\" \/>\n<link rel=\"canonical\" href=\"https:\/\/az-broquetas.es\/fr\/az-broquetas-presente-ses-innovations-en-matiere-de-climatisation-et-de-refrigeration-au-salon-cr-2025\" \/>\n<meta property=\"og:locale\" content=\"fr_FR\" \/>\n<meta property=\"og:type\" content=\"article\" \/>\n<meta property=\"og:title\" content=\"AZ Broquetas pr\u00e9sente ses innovations en mati\u00e8re de climatisation et de r\u00e9frig\u00e9ration au salon (C&amp;R) 2025 - AZ Broquetas\" \/>\n<meta property=\"og:description\" content=\"AZ Broquetas a d\u00e9but\u00e9 sa participation \u00e0 la foire Climatizaci\u00f3n y Refrigeraci\u00f3n (C&amp;R) 2025, l&rsquo;une des rencontres professionnelles les plus pertinentes du secteur HVAC en Espagne, qui se tient \u00e0 IFEMA Madrid. Cet \u00e9v\u00e9nement rassemble des entreprises, des installateurs, des distributeurs et des sp\u00e9cialistes dans le domaine de la climatisation, de la ventilation et de&hellip;\" \/>\n<meta property=\"og:url\" content=\"https:\/\/az-broquetas.es\/fr\/az-broquetas-presente-ses-innovations-en-matiere-de-climatisation-et-de-refrigeration-au-salon-cr-2025\" \/>\n<meta property=\"og:site_name\" content=\"AZ Broquetas\" \/>\n<meta property=\"article:published_time\" content=\"2025-12-09T13:57:04+00:00\" \/>\n<meta property=\"article:modified_time\" content=\"2025-12-09T13:57:05+00:00\" \/>\n<meta property=\"og:image\" content=\"https:\/\/az-broquetas.es\/wp-content\/uploads\/2025\/12\/CLIMATIZACION-Y-REFRIGERACION-CR-2025.png\" \/>\n\t<meta property=\"og:image:width\" content=\"512\" \/>\n\t<meta property=\"og:image:height\" content=\"428\" \/>\n\t<meta property=\"og:image:type\" content=\"image\/png\" \/>\n<meta name=\"author\" content=\"Test_A_Admin\" \/>\n<meta name=\"twitter:card\" content=\"summary_large_image\" \/>\n<meta name=\"twitter:label1\" content=\"\u00c9crit par\" \/>\n\t<meta name=\"twitter:data1\" content=\"Test_A_Admin\" \/>\n\t<meta name=\"twitter:label2\" content=\"Dur\u00e9e de lecture estim\u00e9e\" \/>\n\t<meta name=\"twitter:data2\" content=\"1 minute\" \/>\n<script type=\"application\/ld+json\" class=\"yoast-schema-graph\">{\"@context\":\"https:\/\/schema.org\",\"@graph\":[{\"@type\":\"Article\",\"@id\":\"https:\/\/az-broquetas.es\/fr\/az-broquetas-presente-ses-innovations-en-matiere-de-climatisation-et-de-refrigeration-au-salon-cr-2025#article\",\"isPartOf\":{\"@id\":\"https:\/\/az-broquetas.es\/fr\/az-broquetas-presente-ses-innovations-en-matiere-de-climatisation-et-de-refrigeration-au-salon-cr-2025\"},\"author\":{\"name\":\"Test_A_Admin\",\"@id\":\"https:\/\/az-broquetas.es\/fr#\/schema\/person\/7b11115370891598e3e00508ab129e4f\"},\"headline\":\"AZ Broquetas pr\u00e9sente ses innovations en mati\u00e8re de climatisation et de r\u00e9frig\u00e9ration au salon (C&amp;R) 2025\",\"datePublished\":\"2025-12-09T13:57:04+00:00\",\"dateModified\":\"2025-12-09T13:57:05+00:00\",\"mainEntityOfPage\":{\"@id\":\"https:\/\/az-broquetas.es\/fr\/az-broquetas-presente-ses-innovations-en-matiere-de-climatisation-et-de-refrigeration-au-salon-cr-2025\"},\"wordCount\":293,\"commentCount\":0,\"publisher\":{\"@id\":\"https:\/\/az-broquetas.es\/fr#organization\"},\"image\":{\"@id\":\"https:\/\/az-broquetas.es\/fr\/az-broquetas-presente-ses-innovations-en-matiere-de-climatisation-et-de-refrigeration-au-salon-cr-2025#primaryimage\"},\"thumbnailUrl\":\"https:\/\/az-broquetas.es\/wp-content\/uploads\/2025\/12\/CLIMATIZACION-Y-REFRIGERACION-CR-2025.png\",\"articleSection\":[\"Ev\u00e9nements\",\"Nouveaut\u00e9s\"],\"inLanguage\":\"fr-FR\",\"potentialAction\":[{\"@type\":\"CommentAction\",\"name\":\"Comment\",\"target\":[\"https:\/\/az-broquetas.es\/fr\/az-broquetas-presente-ses-innovations-en-matiere-de-climatisation-et-de-refrigeration-au-salon-cr-2025#respond\"]}]},{\"@type\":\"WebPage\",\"@id\":\"https:\/\/az-broquetas.es\/fr\/az-broquetas-presente-ses-innovations-en-matiere-de-climatisation-et-de-refrigeration-au-salon-cr-2025\",\"url\":\"https:\/\/az-broquetas.es\/fr\/az-broquetas-presente-ses-innovations-en-matiere-de-climatisation-et-de-refrigeration-au-salon-cr-2025\",\"name\":\"AZ Broquetas pr\u00e9sente ses innovations en mati\u00e8re de climatisation et de r\u00e9frig\u00e9ration au salon (C&amp;R) 2025 - AZ Broquetas\",\"isPartOf\":{\"@id\":\"https:\/\/az-broquetas.es\/fr#website\"},\"primaryImageOfPage\":{\"@id\":\"https:\/\/az-broquetas.es\/fr\/az-broquetas-presente-ses-innovations-en-matiere-de-climatisation-et-de-refrigeration-au-salon-cr-2025#primaryimage\"},\"image\":{\"@id\":\"https:\/\/az-broquetas.es\/fr\/az-broquetas-presente-ses-innovations-en-matiere-de-climatisation-et-de-refrigeration-au-salon-cr-2025#primaryimage\"},\"thumbnailUrl\":\"https:\/\/az-broquetas.es\/wp-content\/uploads\/2025\/12\/CLIMATIZACION-Y-REFRIGERACION-CR-2025.png\",\"datePublished\":\"2025-12-09T13:57:04+00:00\",\"dateModified\":\"2025-12-09T13:57:05+00:00\",\"breadcrumb\":{\"@id\":\"https:\/\/az-broquetas.es\/fr\/az-broquetas-presente-ses-innovations-en-matiere-de-climatisation-et-de-refrigeration-au-salon-cr-2025#breadcrumb\"},\"inLanguage\":\"fr-FR\",\"potentialAction\":[{\"@type\":\"ReadAction\",\"target\":[\"https:\/\/az-broquetas.es\/fr\/az-broquetas-presente-ses-innovations-en-matiere-de-climatisation-et-de-refrigeration-au-salon-cr-2025\"]}]},{\"@type\":\"ImageObject\",\"inLanguage\":\"fr-FR\",\"@id\":\"https:\/\/az-broquetas.es\/fr\/az-broquetas-presente-ses-innovations-en-matiere-de-climatisation-et-de-refrigeration-au-salon-cr-2025#primaryimage\",\"url\":\"https:\/\/az-broquetas.es\/wp-content\/uploads\/2025\/12\/CLIMATIZACION-Y-REFRIGERACION-CR-2025.png\",\"contentUrl\":\"https:\/\/az-broquetas.es\/wp-content\/uploads\/2025\/12\/CLIMATIZACION-Y-REFRIGERACION-CR-2025.png\",\"width\":512,\"height\":428,\"caption\":\"CLIMATIZACI\u00d3N Y REFRIGERACI\u00d3N (C&R) 2025\"},{\"@type\":\"BreadcrumbList\",\"@id\":\"https:\/\/az-broquetas.es\/fr\/az-broquetas-presente-ses-innovations-en-matiere-de-climatisation-et-de-refrigeration-au-salon-cr-2025#breadcrumb\",\"itemListElement\":[{\"@type\":\"ListItem\",\"position\":1,\"name\":\"Portada\",\"item\":\"https:\/\/az-broquetas.es\/fr\"},{\"@type\":\"ListItem\",\"position\":2,\"name\":\"AZ Broquetas pr\u00e9sente ses innovations en mati\u00e8re de climatisation et de r\u00e9frig\u00e9ration au salon (C&amp;R) 2025\"}]},{\"@type\":\"WebSite\",\"@id\":\"https:\/\/az-broquetas.es\/fr#website\",\"url\":\"https:\/\/az-broquetas.es\/fr\",\"name\":\"AZ Broquetas\",\"description\":\"Soluciones de conexi\u00f3n innovadoras\",\"publisher\":{\"@id\":\"https:\/\/az-broquetas.es\/fr#organization\"},\"potentialAction\":[{\"@type\":\"SearchAction\",\"target\":{\"@type\":\"EntryPoint\",\"urlTemplate\":\"https:\/\/az-broquetas.es\/fr?s={search_term_string}\"},\"query-input\":{\"@type\":\"PropertyValueSpecification\",\"valueRequired\":true,\"valueName\":\"search_term_string\"}}],\"inLanguage\":\"fr-FR\"},{\"@type\":\"Organization\",\"@id\":\"https:\/\/az-broquetas.es\/fr#organization\",\"name\":\"AZ Broquetas\",\"url\":\"https:\/\/az-broquetas.es\/fr\",\"logo\":{\"@type\":\"ImageObject\",\"inLanguage\":\"fr-FR\",\"@id\":\"https:\/\/az-broquetas.es\/fr#\/schema\/logo\/image\/\",\"url\":\"https:\/\/az-broquetas.es\/wp-content\/uploads\/2024\/03\/Logo-AZ.png\",\"contentUrl\":\"https:\/\/az-broquetas.es\/wp-content\/uploads\/2024\/03\/Logo-AZ.png\",\"width\":350,\"height\":100,\"caption\":\"AZ Broquetas\"},\"image\":{\"@id\":\"https:\/\/az-broquetas.es\/fr#\/schema\/logo\/image\/\"},\"sameAs\":[\"https:\/\/www.linkedin.com\/company\/az-broquetas-s-l\/\",\"https:\/\/www.youtube.com\/@azbroquetass.l7674\"]},{\"@type\":\"Person\",\"@id\":\"https:\/\/az-broquetas.es\/fr#\/schema\/person\/7b11115370891598e3e00508ab129e4f\",\"name\":\"Test_A_Admin\",\"image\":{\"@type\":\"ImageObject\",\"inLanguage\":\"fr-FR\",\"@id\":\"https:\/\/az-broquetas.es\/fr#\/schema\/person\/image\/\",\"url\":\"https:\/\/secure.gravatar.com\/avatar\/a76b37caac985cbb28e6dc967b1624a0dfb1eb33adaa9dd522bb7fe6d339b859?s=96&d=mm&r=g\",\"contentUrl\":\"https:\/\/secure.gravatar.com\/avatar\/a76b37caac985cbb28e6dc967b1624a0dfb1eb33adaa9dd522bb7fe6d339b859?s=96&d=mm&r=g\",\"caption\":\"Test_A_Admin\"},\"sameAs\":[\"https:\/\/az-broquetas.es\"]}]}<\/script>\n<!-- \/ Yoast SEO plugin. -->","yoast_head_json":{"title":"AZ Broquetas pr\u00e9sente ses innovations en mati\u00e8re de climatisation et de r\u00e9frig\u00e9ration au salon (C&amp;R) 2025 - AZ Broquetas","robots":{"index":"index","follow":"follow","max-snippet":"max-snippet:-1","max-image-preview":"max-image-preview:large","max-video-preview":"max-video-preview:-1"},"canonical":"https:\/\/az-broquetas.es\/fr\/az-broquetas-presente-ses-innovations-en-matiere-de-climatisation-et-de-refrigeration-au-salon-cr-2025","og_locale":"fr_FR","og_type":"article","og_title":"AZ Broquetas pr\u00e9sente ses innovations en mati\u00e8re de climatisation et de r\u00e9frig\u00e9ration au salon (C&amp;R) 2025 - AZ Broquetas","og_description":"AZ Broquetas a d\u00e9but\u00e9 sa participation \u00e0 la foire Climatizaci\u00f3n y Refrigeraci\u00f3n (C&amp;R) 2025, l&rsquo;une des rencontres professionnelles les plus pertinentes du secteur HVAC en Espagne, qui se tient \u00e0 IFEMA Madrid. Cet \u00e9v\u00e9nement rassemble des entreprises, des installateurs, des distributeurs et des sp\u00e9cialistes dans le domaine de la climatisation, de la ventilation et de&hellip;","og_url":"https:\/\/az-broquetas.es\/fr\/az-broquetas-presente-ses-innovations-en-matiere-de-climatisation-et-de-refrigeration-au-salon-cr-2025","og_site_name":"AZ Broquetas","article_published_time":"2025-12-09T13:57:04+00:00","article_modified_time":"2025-12-09T13:57:05+00:00","og_image":[{"width":512,"height":428,"url":"https:\/\/az-broquetas.es\/wp-content\/uploads\/2025\/12\/CLIMATIZACION-Y-REFRIGERACION-CR-2025.png","type":"image\/png"}],"author":"Test_A_Admin","twitter_card":"summary_large_image","twitter_misc":{"\u00c9crit par":"Test_A_Admin","Dur\u00e9e de lecture estim\u00e9e":"1 minute"},"schema":{"@context":"https:\/\/schema.org","@graph":[{"@type":"Article","@id":"https:\/\/az-broquetas.es\/fr\/az-broquetas-presente-ses-innovations-en-matiere-de-climatisation-et-de-refrigeration-au-salon-cr-2025#article","isPartOf":{"@id":"https:\/\/az-broquetas.es\/fr\/az-broquetas-presente-ses-innovations-en-matiere-de-climatisation-et-de-refrigeration-au-salon-cr-2025"},"author":{"name":"Test_A_Admin","@id":"https:\/\/az-broquetas.es\/fr#\/schema\/person\/7b11115370891598e3e00508ab129e4f"},"headline":"AZ Broquetas pr\u00e9sente ses innovations en mati\u00e8re de climatisation et de r\u00e9frig\u00e9ration au salon (C&amp;R) 2025","datePublished":"2025-12-09T13:57:04+00:00","dateModified":"2025-12-09T13:57:05+00:00","mainEntityOfPage":{"@id":"https:\/\/az-broquetas.es\/fr\/az-broquetas-presente-ses-innovations-en-matiere-de-climatisation-et-de-refrigeration-au-salon-cr-2025"},"wordCount":293,"commentCount":0,"publisher":{"@id":"https:\/\/az-broquetas.es\/fr#organization"},"image":{"@id":"https:\/\/az-broquetas.es\/fr\/az-broquetas-presente-ses-innovations-en-matiere-de-climatisation-et-de-refrigeration-au-salon-cr-2025#primaryimage"},"thumbnailUrl":"https:\/\/az-broquetas.es\/wp-content\/uploads\/2025\/12\/CLIMATIZACION-Y-REFRIGERACION-CR-2025.png","articleSection":["Ev\u00e9nements","Nouveaut\u00e9s"],"inLanguage":"fr-FR","potentialAction":[{"@type":"CommentAction","name":"Comment","target":["https:\/\/az-broquetas.es\/fr\/az-broquetas-presente-ses-innovations-en-matiere-de-climatisation-et-de-refrigeration-au-salon-cr-2025#respond"]}]},{"@type":"WebPage","@id":"https:\/\/az-broquetas.es\/fr\/az-broquetas-presente-ses-innovations-en-matiere-de-climatisation-et-de-refrigeration-au-salon-cr-2025","url":"https:\/\/az-broquetas.es\/fr\/az-broquetas-presente-ses-innovations-en-matiere-de-climatisation-et-de-refrigeration-au-salon-cr-2025","name":"AZ Broquetas pr\u00e9sente ses innovations en mati\u00e8re de climatisation et de r\u00e9frig\u00e9ration au salon (C&amp;R) 2025 - AZ Broquetas","isPartOf":{"@id":"https:\/\/az-broquetas.es\/fr#website"},"primaryImageOfPage":{"@id":"https:\/\/az-broquetas.es\/fr\/az-broquetas-presente-ses-innovations-en-matiere-de-climatisation-et-de-refrigeration-au-salon-cr-2025#primaryimage"},"image":{"@id":"https:\/\/az-broquetas.es\/fr\/az-broquetas-presente-ses-innovations-en-matiere-de-climatisation-et-de-refrigeration-au-salon-cr-2025#primaryimage"},"thumbnailUrl":"https:\/\/az-broquetas.es\/wp-content\/uploads\/2025\/12\/CLIMATIZACION-Y-REFRIGERACION-CR-2025.png","datePublished":"2025-12-09T13:57:04+00:00","dateModified":"2025-12-09T13:57:05+00:00","breadcrumb":{"@id":"https:\/\/az-broquetas.es\/fr\/az-broquetas-presente-ses-innovations-en-matiere-de-climatisation-et-de-refrigeration-au-salon-cr-2025#breadcrumb"},"inLanguage":"fr-FR","potentialAction":[{"@type":"ReadAction","target":["https:\/\/az-broquetas.es\/fr\/az-broquetas-presente-ses-innovations-en-matiere-de-climatisation-et-de-refrigeration-au-salon-cr-2025"]}]},{"@type":"ImageObject","inLanguage":"fr-FR","@id":"https:\/\/az-broquetas.es\/fr\/az-broquetas-presente-ses-innovations-en-matiere-de-climatisation-et-de-refrigeration-au-salon-cr-2025#primaryimage","url":"https:\/\/az-broquetas.es\/wp-content\/uploads\/2025\/12\/CLIMATIZACION-Y-REFRIGERACION-CR-2025.png","contentUrl":"https:\/\/az-broquetas.es\/wp-content\/uploads\/2025\/12\/CLIMATIZACION-Y-REFRIGERACION-CR-2025.png","width":512,"height":428,"caption":"CLIMATIZACI\u00d3N Y REFRIGERACI\u00d3N (C&R) 2025"},{"@type":"BreadcrumbList","@id":"https:\/\/az-broquetas.es\/fr\/az-broquetas-presente-ses-innovations-en-matiere-de-climatisation-et-de-refrigeration-au-salon-cr-2025#breadcrumb","itemListElement":[{"@type":"ListItem","position":1,"name":"Portada","item":"https:\/\/az-broquetas.es\/fr"},{"@type":"ListItem","position":2,"name":"AZ Broquetas pr\u00e9sente ses innovations en mati\u00e8re de climatisation et de r\u00e9frig\u00e9ration au salon (C&amp;R) 2025"}]},{"@type":"WebSite","@id":"https:\/\/az-broquetas.es\/fr#website","url":"https:\/\/az-broquetas.es\/fr","name":"AZ Broquetas","description":"Soluciones de conexi\u00f3n innovadoras","publisher":{"@id":"https:\/\/az-broquetas.es\/fr#organization"},"potentialAction":[{"@type":"SearchAction","target":{"@type":"EntryPoint","urlTemplate":"https:\/\/az-broquetas.es\/fr?s={search_term_string}"},"query-input":{"@type":"PropertyValueSpecification","valueRequired":true,"valueName":"search_term_string"}}],"inLanguage":"fr-FR"},{"@type":"Organization","@id":"https:\/\/az-broquetas.es\/fr#organization","name":"AZ Broquetas","url":"https:\/\/az-broquetas.es\/fr","logo":{"@type":"ImageObject","inLanguage":"fr-FR","@id":"https:\/\/az-broquetas.es\/fr#\/schema\/logo\/image\/","url":"https:\/\/az-broquetas.es\/wp-content\/uploads\/2024\/03\/Logo-AZ.png","contentUrl":"https:\/\/az-broquetas.es\/wp-content\/uploads\/2024\/03\/Logo-AZ.png","width":350,"height":100,"caption":"AZ Broquetas"},"image":{"@id":"https:\/\/az-broquetas.es\/fr#\/schema\/logo\/image\/"},"sameAs":["https:\/\/www.linkedin.com\/company\/az-broquetas-s-l\/","https:\/\/www.youtube.com\/@azbroquetass.l7674"]},{"@type":"Person","@id":"https:\/\/az-broquetas.es\/fr#\/schema\/person\/7b11115370891598e3e00508ab129e4f","name":"Test_A_Admin","image":{"@type":"ImageObject","inLanguage":"fr-FR","@id":"https:\/\/az-broquetas.es\/fr#\/schema\/person\/image\/","url":"https:\/\/secure.gravatar.com\/avatar\/a76b37caac985cbb28e6dc967b1624a0dfb1eb33adaa9dd522bb7fe6d339b859?s=96&d=mm&r=g","contentUrl":"https:\/\/secure.gravatar.com\/avatar\/a76b37caac985cbb28e6dc967b1624a0dfb1eb33adaa9dd522bb7fe6d339b859?s=96&d=mm&r=g","caption":"Test_A_Admin"},"sameAs":["https:\/\/az-broquetas.es"]}]}},"_links":{"self":[{"href":"https:\/\/az-broquetas.es\/fr\/wp-json\/wp\/v2\/posts\/19143","targetHints":{"allow":["GET"]}}],"collection":[{"href":"https:\/\/az-broquetas.es\/fr\/wp-json\/wp\/v2\/posts"}],"about":[{"href":"https:\/\/az-broquetas.es\/fr\/wp-json\/wp\/v2\/types\/post"}],"author":[{"embeddable":true,"href":"https:\/\/az-broquetas.es\/fr\/wp-json\/wp\/v2\/users\/1"}],"replies":[{"embeddable":true,"href":"https:\/\/az-broquetas.es\/fr\/wp-json\/wp\/v2\/comments?post=19143"}],"version-history":[{"count":1,"href":"https:\/\/az-broquetas.es\/fr\/wp-json\/wp\/v2\/posts\/19143\/revisions"}],"predecessor-version":[{"id":19144,"href":"https:\/\/az-broquetas.es\/fr\/wp-json\/wp\/v2\/posts\/19143\/revisions\/19144"}],"wp:featuredmedia":[{"embeddable":true,"href":"https:\/\/az-broquetas.es\/fr\/wp-json\/wp\/v2\/media\/19138"}],"wp:attachment":[{"href":"https:\/\/az-broquetas.es\/fr\/wp-json\/wp\/v2\/media?parent=19143"}],"wp:term":[{"taxonomy":"category","embeddable":true,"href":"https:\/\/az-broquetas.es\/fr\/wp-json\/wp\/v2\/categories?post=19143"},{"taxonomy":"post_tag","embeddable":true,"href":"https:\/\/az-broquetas.es\/fr\/wp-json\/wp\/v2\/tags?post=19143"}],"curies":[{"name":"wp","href":"https:\/\/api.w.org\/{rel}","templated":true}]}}