{"id":17728,"date":"2025-06-30T10:13:20","date_gmt":"2025-06-30T10:13:20","guid":{"rendered":"https:\/\/az-broquetas.es\/az-broquetas-s-l-participa-na-ish-2025-em-frankfurt-juntamente-com-az-intec"},"modified":"2025-11-11T16:30:44","modified_gmt":"2025-11-11T16:30:44","slug":"az-broquetas-s-l-participa-na-ish-2025-em-frankfurt-juntamente-com-az-intec","status":"publish","type":"post","link":"https:\/\/az-broquetas.es\/pt-pt\/az-broquetas-s-l-participa-na-ish-2025-em-frankfurt-juntamente-com-az-intec","title":{"rendered":"AZ BROQUETAS S.L. participa na ISH 2025 em Frankfurt juntamente com AZ INTEC"},"content":{"rendered":"\t\t<div data-elementor-type=\"wp-post\" data-elementor-id=\"17728\" class=\"elementor elementor-17728 elementor-17668\" data-elementor-post-type=\"post\">\n\t\t\t\t<div class=\"elementor-element elementor-element-cab7ac2 e-flex e-con-boxed e-con e-parent\" data-id=\"cab7ac2\" data-element_type=\"container\">\n\t\t\t\t\t<div class=\"e-con-inner\">\n\t\t\t\t<div class=\"elementor-element elementor-element-58ae67a0 elementor-widget elementor-widget-text-editor\" data-id=\"58ae67a0\" data-element_type=\"widget\" data-widget_type=\"text-editor.default\">\n\t\t\t\t<div class=\"elementor-widget-container\">\n\t\t\t\t\t\t\t\n<p>De 17 a 21 de mar\u00e7o, <strong>AZ BROQUETAS S.L.<\/strong> teve o privil\u00e9gio de estar presente na <strong>ISH 2025 Frankfurt<\/strong>, uma das mais importantes feiras do sector AVAC e solu\u00e7\u00f5es para instala\u00e7\u00f5es, em representa\u00e7\u00e3o do nosso parceiro <strong>AZ INTEC<\/strong>.<\/p>\n\n<p>Durante o evento, foram apresentadas as \u00faltimas inova\u00e7\u00f5es em sistemas de instala\u00e7\u00e3o, incluindo o <strong>sistema CATS<\/strong>, <strong>tubos ondulados de a\u00e7o inoxid\u00e1vel<\/strong> e uma gama completa de <strong>bombas e permutadores de calor<\/strong>, atraindo o interesse de numerosos profissionais do sector.<\/p>\n\n<p>No entanto, para al\u00e9m dos produtos expostos, o que realmente se destacou foi o <strong>fator humano<\/strong>. Cada conversa t\u00e9cnica, cada aperto de m\u00e3o e cada apresenta\u00e7\u00e3o foi poss\u00edvel gra\u00e7as ao empenho, profissionalismo e paix\u00e3o da nossa equipa. Estamos particularmente orgulhosos do trabalho realizado e de termos conseguido representar a AZ INTEC com excel\u00eancia neste evento internacional.  <\/p>\n\n<p>AZ BROQUETAS S.L. agradece a todas as pessoas que visitaram o nosso stand. Regressamos de Frankfurt com novos contactos, ideias e energia renovada para continuar a promover solu\u00e7\u00f5es de liga\u00e7\u00e3o de qualidade no mercado. <\/p>\n\n<p><strong>Continuamos a construir o futuro, juntos.<\/strong><\/p>\n\t\t\t\t\t\t<\/div>\n\t\t\t\t<\/div>\n\t\t\t\t\t<\/div>\n\t\t\t\t<\/div>\n\t\t\t\t<\/div>\n\t\t","protected":false},"excerpt":{"rendered":"<p>De 17 a 21 de mar\u00e7o, AZ BROQUETAS S.L. teve o privil\u00e9gio de estar presente na ISH 2025 Frankfurt, uma das mais importantes feiras do sector AVAC e solu\u00e7\u00f5es para instala\u00e7\u00f5es, em representa\u00e7\u00e3o do nosso parceiro AZ INTEC. Durante o evento, foram apresentadas as \u00faltimas inova\u00e7\u00f5es em sistemas de instala\u00e7\u00e3o, incluindo o sistema CATS, tubos&hellip;<\/p>\n","protected":false},"author":3,"featured_media":17729,"comment_status":"open","ping_status":"open","sticky":false,"template":"","format":"standard","meta":{"footnotes":""},"categories":[198],"tags":[],"class_list":["post-17728","post","type-post","status-publish","format-standard","has-post-thumbnail","hentry","category-eventos-pt-pt"],"yoast_head":"<!-- This site is optimized with the Yoast SEO plugin v26.9 - https:\/\/yoast.com\/product\/yoast-seo-wordpress\/ -->\n<title>AZ BROQUETAS S.L. participa na ISH 2025 em Frankfurt juntamente com AZ INTEC - AZ Broquetas<\/title>\n<meta name=\"description\" content=\"A AZ Broquetas participou na ISH Frankfurt 2025 juntamente com a AZ Intec, apresentando o sistema CATS, tubos corrugados em a\u00e7o inoxid\u00e1vel e solu\u00e7\u00f5es AVAC de \u00faltima gera\u00e7\u00e3o.\" \/>\n<meta name=\"robots\" content=\"index, follow, max-snippet:-1, max-image-preview:large, max-video-preview:-1\" \/>\n<link rel=\"canonical\" href=\"https:\/\/az-broquetas.es\/pt-pt\/az-broquetas-s-l-participa-na-ish-2025-em-frankfurt-juntamente-com-az-intec\" \/>\n<meta property=\"og:locale\" content=\"pt_PT\" \/>\n<meta property=\"og:type\" content=\"article\" \/>\n<meta property=\"og:title\" content=\"AZ BROQUETAS S.L. participa na ISH 2025 em Frankfurt juntamente com AZ INTEC - AZ Broquetas\" \/>\n<meta property=\"og:description\" content=\"A AZ Broquetas participou na ISH Frankfurt 2025 juntamente com a AZ Intec, apresentando o sistema CATS, tubos corrugados em a\u00e7o inoxid\u00e1vel e solu\u00e7\u00f5es AVAC de \u00faltima gera\u00e7\u00e3o.\" \/>\n<meta property=\"og:url\" content=\"https:\/\/az-broquetas.es\/pt-pt\/az-broquetas-s-l-participa-na-ish-2025-em-frankfurt-juntamente-com-az-intec\" \/>\n<meta property=\"og:site_name\" content=\"AZ Broquetas\" \/>\n<meta property=\"article:published_time\" content=\"2025-06-30T10:13:20+00:00\" \/>\n<meta property=\"article:modified_time\" content=\"2025-11-11T16:30:44+00:00\" \/>\n<meta property=\"og:image\" content=\"https:\/\/az-broquetas.es\/wp-content\/uploads\/2025\/04\/AZ-INTEC-IN-ISH-2025.jpg\" \/>\n\t<meta property=\"og:image:width\" content=\"1080\" \/>\n\t<meta property=\"og:image:height\" content=\"1920\" \/>\n\t<meta property=\"og:image:type\" content=\"image\/jpeg\" \/>\n<meta name=\"author\" content=\"Sonia\" \/>\n<meta name=\"twitter:card\" content=\"summary_large_image\" \/>\n<meta name=\"twitter:label1\" content=\"Escrito por\" \/>\n\t<meta name=\"twitter:data1\" content=\"Sonia\" \/>\n\t<meta name=\"twitter:label2\" content=\"Tempo estimado de leitura\" \/>\n\t<meta name=\"twitter:data2\" content=\"1 minuto\" \/>\n<script type=\"application\/ld+json\" class=\"yoast-schema-graph\">{\"@context\":\"https:\/\/schema.org\",\"@graph\":[{\"@type\":\"Article\",\"@id\":\"https:\/\/az-broquetas.es\/pt-pt\/az-broquetas-s-l-participa-na-ish-2025-em-frankfurt-juntamente-com-az-intec#article\",\"isPartOf\":{\"@id\":\"https:\/\/az-broquetas.es\/pt-pt\/az-broquetas-s-l-participa-na-ish-2025-em-frankfurt-juntamente-com-az-intec\"},\"author\":{\"name\":\"Sonia\",\"@id\":\"https:\/\/az-broquetas.es\/pt-pt#\/schema\/person\/fec410f538c8a3712a07db5a1695115f\"},\"headline\":\"AZ BROQUETAS S.L. participa na ISH 2025 em Frankfurt juntamente com AZ INTEC\",\"datePublished\":\"2025-06-30T10:13:20+00:00\",\"dateModified\":\"2025-11-11T16:30:44+00:00\",\"mainEntityOfPage\":{\"@id\":\"https:\/\/az-broquetas.es\/pt-pt\/az-broquetas-s-l-participa-na-ish-2025-em-frankfurt-juntamente-com-az-intec\"},\"wordCount\":204,\"commentCount\":0,\"publisher\":{\"@id\":\"https:\/\/az-broquetas.es\/pt-pt#organization\"},\"image\":{\"@id\":\"https:\/\/az-broquetas.es\/pt-pt\/az-broquetas-s-l-participa-na-ish-2025-em-frankfurt-juntamente-com-az-intec#primaryimage\"},\"thumbnailUrl\":\"https:\/\/az-broquetas.es\/wp-content\/uploads\/2025\/04\/AZ-INTEC-IN-ISH-2025.jpg\",\"articleSection\":[\"Eventos\"],\"inLanguage\":\"pt-PT\",\"potentialAction\":[{\"@type\":\"CommentAction\",\"name\":\"Comment\",\"target\":[\"https:\/\/az-broquetas.es\/pt-pt\/az-broquetas-s-l-participa-na-ish-2025-em-frankfurt-juntamente-com-az-intec#respond\"]}]},{\"@type\":\"WebPage\",\"@id\":\"https:\/\/az-broquetas.es\/pt-pt\/az-broquetas-s-l-participa-na-ish-2025-em-frankfurt-juntamente-com-az-intec\",\"url\":\"https:\/\/az-broquetas.es\/pt-pt\/az-broquetas-s-l-participa-na-ish-2025-em-frankfurt-juntamente-com-az-intec\",\"name\":\"AZ BROQUETAS S.L. participa na ISH 2025 em Frankfurt juntamente com AZ INTEC - AZ Broquetas\",\"isPartOf\":{\"@id\":\"https:\/\/az-broquetas.es\/pt-pt#website\"},\"primaryImageOfPage\":{\"@id\":\"https:\/\/az-broquetas.es\/pt-pt\/az-broquetas-s-l-participa-na-ish-2025-em-frankfurt-juntamente-com-az-intec#primaryimage\"},\"image\":{\"@id\":\"https:\/\/az-broquetas.es\/pt-pt\/az-broquetas-s-l-participa-na-ish-2025-em-frankfurt-juntamente-com-az-intec#primaryimage\"},\"thumbnailUrl\":\"https:\/\/az-broquetas.es\/wp-content\/uploads\/2025\/04\/AZ-INTEC-IN-ISH-2025.jpg\",\"datePublished\":\"2025-06-30T10:13:20+00:00\",\"dateModified\":\"2025-11-11T16:30:44+00:00\",\"description\":\"A AZ Broquetas participou na ISH Frankfurt 2025 juntamente com a AZ Intec, apresentando o sistema CATS, tubos corrugados em a\u00e7o inoxid\u00e1vel e solu\u00e7\u00f5es AVAC de \u00faltima gera\u00e7\u00e3o.\",\"breadcrumb\":{\"@id\":\"https:\/\/az-broquetas.es\/pt-pt\/az-broquetas-s-l-participa-na-ish-2025-em-frankfurt-juntamente-com-az-intec#breadcrumb\"},\"inLanguage\":\"pt-PT\",\"potentialAction\":[{\"@type\":\"ReadAction\",\"target\":[\"https:\/\/az-broquetas.es\/pt-pt\/az-broquetas-s-l-participa-na-ish-2025-em-frankfurt-juntamente-com-az-intec\"]}]},{\"@type\":\"ImageObject\",\"inLanguage\":\"pt-PT\",\"@id\":\"https:\/\/az-broquetas.es\/pt-pt\/az-broquetas-s-l-participa-na-ish-2025-em-frankfurt-juntamente-com-az-intec#primaryimage\",\"url\":\"https:\/\/az-broquetas.es\/wp-content\/uploads\/2025\/04\/AZ-INTEC-IN-ISH-2025.jpg\",\"contentUrl\":\"https:\/\/az-broquetas.es\/wp-content\/uploads\/2025\/04\/AZ-INTEC-IN-ISH-2025.jpg\",\"width\":1080,\"height\":1920,\"caption\":\"AZ INTEC IN ISH 2025\"},{\"@type\":\"BreadcrumbList\",\"@id\":\"https:\/\/az-broquetas.es\/pt-pt\/az-broquetas-s-l-participa-na-ish-2025-em-frankfurt-juntamente-com-az-intec#breadcrumb\",\"itemListElement\":[{\"@type\":\"ListItem\",\"position\":1,\"name\":\"Portada\",\"item\":\"https:\/\/az-broquetas.es\/pt-pt\"},{\"@type\":\"ListItem\",\"position\":2,\"name\":\"AZ BROQUETAS S.L. participa na ISH 2025 em Frankfurt juntamente com AZ INTEC\"}]},{\"@type\":\"WebSite\",\"@id\":\"https:\/\/az-broquetas.es\/pt-pt#website\",\"url\":\"https:\/\/az-broquetas.es\/pt-pt\",\"name\":\"AZ Broquetas\",\"description\":\"Soluciones de conexi\u00f3n innovadoras\",\"publisher\":{\"@id\":\"https:\/\/az-broquetas.es\/pt-pt#organization\"},\"potentialAction\":[{\"@type\":\"SearchAction\",\"target\":{\"@type\":\"EntryPoint\",\"urlTemplate\":\"https:\/\/az-broquetas.es\/pt-pt?s={search_term_string}\"},\"query-input\":{\"@type\":\"PropertyValueSpecification\",\"valueRequired\":true,\"valueName\":\"search_term_string\"}}],\"inLanguage\":\"pt-PT\"},{\"@type\":\"Organization\",\"@id\":\"https:\/\/az-broquetas.es\/pt-pt#organization\",\"name\":\"AZ Broquetas\",\"url\":\"https:\/\/az-broquetas.es\/pt-pt\",\"logo\":{\"@type\":\"ImageObject\",\"inLanguage\":\"pt-PT\",\"@id\":\"https:\/\/az-broquetas.es\/pt-pt#\/schema\/logo\/image\/\",\"url\":\"https:\/\/az-broquetas.es\/wp-content\/uploads\/2024\/03\/Logo-AZ.png\",\"contentUrl\":\"https:\/\/az-broquetas.es\/wp-content\/uploads\/2024\/03\/Logo-AZ.png\",\"width\":350,\"height\":100,\"caption\":\"AZ Broquetas\"},\"image\":{\"@id\":\"https:\/\/az-broquetas.es\/pt-pt#\/schema\/logo\/image\/\"},\"sameAs\":[\"https:\/\/www.linkedin.com\/company\/az-broquetas-s-l\/\",\"https:\/\/www.youtube.com\/@azbroquetass.l7674\"]},{\"@type\":\"Person\",\"@id\":\"https:\/\/az-broquetas.es\/pt-pt#\/schema\/person\/fec410f538c8a3712a07db5a1695115f\",\"name\":\"Sonia\",\"image\":{\"@type\":\"ImageObject\",\"inLanguage\":\"pt-PT\",\"@id\":\"https:\/\/az-broquetas.es\/pt-pt#\/schema\/person\/image\/\",\"url\":\"https:\/\/secure.gravatar.com\/avatar\/9488b617977cf297a91217e6459fab3bba303b77184e1fa2045ac86ffb34189b?s=96&d=mm&r=g\",\"contentUrl\":\"https:\/\/secure.gravatar.com\/avatar\/9488b617977cf297a91217e6459fab3bba303b77184e1fa2045ac86ffb34189b?s=96&d=mm&r=g\",\"caption\":\"Sonia\"}}]}<\/script>\n<!-- \/ Yoast SEO plugin. -->","yoast_head_json":{"title":"AZ BROQUETAS S.L. participa na ISH 2025 em Frankfurt juntamente com AZ INTEC - AZ Broquetas","description":"A AZ Broquetas participou na ISH Frankfurt 2025 juntamente com a AZ Intec, apresentando o sistema CATS, tubos corrugados em a\u00e7o inoxid\u00e1vel e solu\u00e7\u00f5es AVAC de \u00faltima gera\u00e7\u00e3o.","robots":{"index":"index","follow":"follow","max-snippet":"max-snippet:-1","max-image-preview":"max-image-preview:large","max-video-preview":"max-video-preview:-1"},"canonical":"https:\/\/az-broquetas.es\/pt-pt\/az-broquetas-s-l-participa-na-ish-2025-em-frankfurt-juntamente-com-az-intec","og_locale":"pt_PT","og_type":"article","og_title":"AZ BROQUETAS S.L. participa na ISH 2025 em Frankfurt juntamente com AZ INTEC - AZ Broquetas","og_description":"A AZ Broquetas participou na ISH Frankfurt 2025 juntamente com a AZ Intec, apresentando o sistema CATS, tubos corrugados em a\u00e7o inoxid\u00e1vel e solu\u00e7\u00f5es AVAC de \u00faltima gera\u00e7\u00e3o.","og_url":"https:\/\/az-broquetas.es\/pt-pt\/az-broquetas-s-l-participa-na-ish-2025-em-frankfurt-juntamente-com-az-intec","og_site_name":"AZ Broquetas","article_published_time":"2025-06-30T10:13:20+00:00","article_modified_time":"2025-11-11T16:30:44+00:00","og_image":[{"width":1080,"height":1920,"url":"https:\/\/az-broquetas.es\/wp-content\/uploads\/2025\/04\/AZ-INTEC-IN-ISH-2025.jpg","type":"image\/jpeg"}],"author":"Sonia","twitter_card":"summary_large_image","twitter_misc":{"Escrito por":"Sonia","Tempo estimado de leitura":"1 minuto"},"schema":{"@context":"https:\/\/schema.org","@graph":[{"@type":"Article","@id":"https:\/\/az-broquetas.es\/pt-pt\/az-broquetas-s-l-participa-na-ish-2025-em-frankfurt-juntamente-com-az-intec#article","isPartOf":{"@id":"https:\/\/az-broquetas.es\/pt-pt\/az-broquetas-s-l-participa-na-ish-2025-em-frankfurt-juntamente-com-az-intec"},"author":{"name":"Sonia","@id":"https:\/\/az-broquetas.es\/pt-pt#\/schema\/person\/fec410f538c8a3712a07db5a1695115f"},"headline":"AZ BROQUETAS S.L. participa na ISH 2025 em Frankfurt juntamente com AZ INTEC","datePublished":"2025-06-30T10:13:20+00:00","dateModified":"2025-11-11T16:30:44+00:00","mainEntityOfPage":{"@id":"https:\/\/az-broquetas.es\/pt-pt\/az-broquetas-s-l-participa-na-ish-2025-em-frankfurt-juntamente-com-az-intec"},"wordCount":204,"commentCount":0,"publisher":{"@id":"https:\/\/az-broquetas.es\/pt-pt#organization"},"image":{"@id":"https:\/\/az-broquetas.es\/pt-pt\/az-broquetas-s-l-participa-na-ish-2025-em-frankfurt-juntamente-com-az-intec#primaryimage"},"thumbnailUrl":"https:\/\/az-broquetas.es\/wp-content\/uploads\/2025\/04\/AZ-INTEC-IN-ISH-2025.jpg","articleSection":["Eventos"],"inLanguage":"pt-PT","potentialAction":[{"@type":"CommentAction","name":"Comment","target":["https:\/\/az-broquetas.es\/pt-pt\/az-broquetas-s-l-participa-na-ish-2025-em-frankfurt-juntamente-com-az-intec#respond"]}]},{"@type":"WebPage","@id":"https:\/\/az-broquetas.es\/pt-pt\/az-broquetas-s-l-participa-na-ish-2025-em-frankfurt-juntamente-com-az-intec","url":"https:\/\/az-broquetas.es\/pt-pt\/az-broquetas-s-l-participa-na-ish-2025-em-frankfurt-juntamente-com-az-intec","name":"AZ BROQUETAS S.L. participa na ISH 2025 em Frankfurt juntamente com AZ INTEC - AZ Broquetas","isPartOf":{"@id":"https:\/\/az-broquetas.es\/pt-pt#website"},"primaryImageOfPage":{"@id":"https:\/\/az-broquetas.es\/pt-pt\/az-broquetas-s-l-participa-na-ish-2025-em-frankfurt-juntamente-com-az-intec#primaryimage"},"image":{"@id":"https:\/\/az-broquetas.es\/pt-pt\/az-broquetas-s-l-participa-na-ish-2025-em-frankfurt-juntamente-com-az-intec#primaryimage"},"thumbnailUrl":"https:\/\/az-broquetas.es\/wp-content\/uploads\/2025\/04\/AZ-INTEC-IN-ISH-2025.jpg","datePublished":"2025-06-30T10:13:20+00:00","dateModified":"2025-11-11T16:30:44+00:00","description":"A AZ Broquetas participou na ISH Frankfurt 2025 juntamente com a AZ Intec, apresentando o sistema CATS, tubos corrugados em a\u00e7o inoxid\u00e1vel e solu\u00e7\u00f5es AVAC de \u00faltima gera\u00e7\u00e3o.","breadcrumb":{"@id":"https:\/\/az-broquetas.es\/pt-pt\/az-broquetas-s-l-participa-na-ish-2025-em-frankfurt-juntamente-com-az-intec#breadcrumb"},"inLanguage":"pt-PT","potentialAction":[{"@type":"ReadAction","target":["https:\/\/az-broquetas.es\/pt-pt\/az-broquetas-s-l-participa-na-ish-2025-em-frankfurt-juntamente-com-az-intec"]}]},{"@type":"ImageObject","inLanguage":"pt-PT","@id":"https:\/\/az-broquetas.es\/pt-pt\/az-broquetas-s-l-participa-na-ish-2025-em-frankfurt-juntamente-com-az-intec#primaryimage","url":"https:\/\/az-broquetas.es\/wp-content\/uploads\/2025\/04\/AZ-INTEC-IN-ISH-2025.jpg","contentUrl":"https:\/\/az-broquetas.es\/wp-content\/uploads\/2025\/04\/AZ-INTEC-IN-ISH-2025.jpg","width":1080,"height":1920,"caption":"AZ INTEC IN ISH 2025"},{"@type":"BreadcrumbList","@id":"https:\/\/az-broquetas.es\/pt-pt\/az-broquetas-s-l-participa-na-ish-2025-em-frankfurt-juntamente-com-az-intec#breadcrumb","itemListElement":[{"@type":"ListItem","position":1,"name":"Portada","item":"https:\/\/az-broquetas.es\/pt-pt"},{"@type":"ListItem","position":2,"name":"AZ BROQUETAS S.L. participa na ISH 2025 em Frankfurt juntamente com AZ INTEC"}]},{"@type":"WebSite","@id":"https:\/\/az-broquetas.es\/pt-pt#website","url":"https:\/\/az-broquetas.es\/pt-pt","name":"AZ Broquetas","description":"Soluciones de conexi\u00f3n innovadoras","publisher":{"@id":"https:\/\/az-broquetas.es\/pt-pt#organization"},"potentialAction":[{"@type":"SearchAction","target":{"@type":"EntryPoint","urlTemplate":"https:\/\/az-broquetas.es\/pt-pt?s={search_term_string}"},"query-input":{"@type":"PropertyValueSpecification","valueRequired":true,"valueName":"search_term_string"}}],"inLanguage":"pt-PT"},{"@type":"Organization","@id":"https:\/\/az-broquetas.es\/pt-pt#organization","name":"AZ Broquetas","url":"https:\/\/az-broquetas.es\/pt-pt","logo":{"@type":"ImageObject","inLanguage":"pt-PT","@id":"https:\/\/az-broquetas.es\/pt-pt#\/schema\/logo\/image\/","url":"https:\/\/az-broquetas.es\/wp-content\/uploads\/2024\/03\/Logo-AZ.png","contentUrl":"https:\/\/az-broquetas.es\/wp-content\/uploads\/2024\/03\/Logo-AZ.png","width":350,"height":100,"caption":"AZ Broquetas"},"image":{"@id":"https:\/\/az-broquetas.es\/pt-pt#\/schema\/logo\/image\/"},"sameAs":["https:\/\/www.linkedin.com\/company\/az-broquetas-s-l\/","https:\/\/www.youtube.com\/@azbroquetass.l7674"]},{"@type":"Person","@id":"https:\/\/az-broquetas.es\/pt-pt#\/schema\/person\/fec410f538c8a3712a07db5a1695115f","name":"Sonia","image":{"@type":"ImageObject","inLanguage":"pt-PT","@id":"https:\/\/az-broquetas.es\/pt-pt#\/schema\/person\/image\/","url":"https:\/\/secure.gravatar.com\/avatar\/9488b617977cf297a91217e6459fab3bba303b77184e1fa2045ac86ffb34189b?s=96&d=mm&r=g","contentUrl":"https:\/\/secure.gravatar.com\/avatar\/9488b617977cf297a91217e6459fab3bba303b77184e1fa2045ac86ffb34189b?s=96&d=mm&r=g","caption":"Sonia"}}]}},"_links":{"self":[{"href":"https:\/\/az-broquetas.es\/pt-pt\/wp-json\/wp\/v2\/posts\/17728","targetHints":{"allow":["GET"]}}],"collection":[{"href":"https:\/\/az-broquetas.es\/pt-pt\/wp-json\/wp\/v2\/posts"}],"about":[{"href":"https:\/\/az-broquetas.es\/pt-pt\/wp-json\/wp\/v2\/types\/post"}],"author":[{"embeddable":true,"href":"https:\/\/az-broquetas.es\/pt-pt\/wp-json\/wp\/v2\/users\/3"}],"replies":[{"embeddable":true,"href":"https:\/\/az-broquetas.es\/pt-pt\/wp-json\/wp\/v2\/comments?post=17728"}],"version-history":[{"count":1,"href":"https:\/\/az-broquetas.es\/pt-pt\/wp-json\/wp\/v2\/posts\/17728\/revisions"}],"predecessor-version":[{"id":17732,"href":"https:\/\/az-broquetas.es\/pt-pt\/wp-json\/wp\/v2\/posts\/17728\/revisions\/17732"}],"wp:featuredmedia":[{"embeddable":true,"href":"https:\/\/az-broquetas.es\/pt-pt\/wp-json\/wp\/v2\/media\/17729"}],"wp:attachment":[{"href":"https:\/\/az-broquetas.es\/pt-pt\/wp-json\/wp\/v2\/media?parent=17728"}],"wp:term":[{"taxonomy":"category","embeddable":true,"href":"https:\/\/az-broquetas.es\/pt-pt\/wp-json\/wp\/v2\/categories?post=17728"},{"taxonomy":"post_tag","embeddable":true,"href":"https:\/\/az-broquetas.es\/pt-pt\/wp-json\/wp\/v2\/tags?post=17728"}],"curies":[{"name":"wp","href":"https:\/\/api.w.org\/{rel}","templated":true}]}}