{"id":17733,"date":"2025-06-30T10:13:30","date_gmt":"2025-06-30T10:13:30","guid":{"rendered":"https:\/\/az-broquetas.es\/az-broquetas-participa-no-auna-partner-days-barcelona-2025"},"modified":"2025-10-13T16:26:55","modified_gmt":"2025-10-13T16:26:55","slug":"az-broquetas-participa-no-auna-partner-days-barcelona-2025","status":"publish","type":"post","link":"https:\/\/az-broquetas.es\/pt-pt\/az-broquetas-participa-no-auna-partner-days-barcelona-2025","title":{"rendered":"AZ Broquetas participa no A\u00daNA Partner Days Barcelona 2025"},"content":{"rendered":"\n<p>\ud83d\udd19 Ontem estivemos nos A\u00daNA Partner Days Barcelona 2025<br\/><br\/>Uma jornada intensa e enriquecedora no Est\u00e1dio da RCDE, rodeados de profissionais dos sectores da canaliza\u00e7\u00e3o, aquecimento, climatiza\u00e7\u00e3o, eletricidade e energias renov\u00e1veis.<br\/><br\/>\ud83d\udca1 A nossa participa\u00e7\u00e3o neste encontro foi uma grande oportunidade para mostrar as nossas solu\u00e7\u00f5es mais inovadoras e, sobretudo, para continuar a relacionar-nos com aqueles que tornam poss\u00edvel a evolu\u00e7\u00e3o do sector.<br\/><br\/>\ud83d\ude4c Obrigado a todos os que se deslocaram ao nosso espa\u00e7o e tamb\u00e9m \u00e0 A\u00daNA Distribuci\u00f3n pela impec\u00e1vel organiza\u00e7\u00e3o.<br\/><br\/>Vemo-nos em breve na APD Valladolid! \ud83d\udd1c<\/p>\n","protected":false},"excerpt":{"rendered":"<p>\ud83d\udd19 Ontem estivemos nos A\u00daNA Partner Days Barcelona 2025 Uma jornada intensa e enriquecedora no Est\u00e1dio da RCDE, rodeados de profissionais dos sectores da canaliza\u00e7\u00e3o, aquecimento, climatiza\u00e7\u00e3o, eletricidade e energias renov\u00e1veis. \ud83d\udca1 A nossa participa\u00e7\u00e3o neste encontro foi uma grande oportunidade para mostrar as nossas solu\u00e7\u00f5es mais inovadoras e, sobretudo, para continuar a relacionar-nos com&hellip;<\/p>\n","protected":false},"author":3,"featured_media":17737,"comment_status":"open","ping_status":"open","sticky":false,"template":"","format":"standard","meta":{"footnotes":""},"categories":[198],"tags":[],"class_list":["post-17733","post","type-post","status-publish","format-standard","has-post-thumbnail","hentry","category-eventos-pt-pt","category-198","description-off"],"yoast_head":"<!-- This site is optimized with the Yoast SEO plugin v26.9 - https:\/\/yoast.com\/product\/yoast-seo-wordpress\/ -->\n<title>AZ Broquetas participa no A\u00daNA Partner Days Barcelona 2025 - AZ Broquetas<\/title>\n<meta name=\"robots\" content=\"index, follow, max-snippet:-1, max-image-preview:large, max-video-preview:-1\" \/>\n<link rel=\"canonical\" href=\"https:\/\/az-broquetas.es\/pt-pt\/az-broquetas-participa-no-auna-partner-days-barcelona-2025\" \/>\n<meta property=\"og:locale\" content=\"pt_PT\" \/>\n<meta property=\"og:type\" content=\"article\" \/>\n<meta property=\"og:title\" content=\"AZ Broquetas participa no A\u00daNA Partner Days Barcelona 2025 - AZ Broquetas\" \/>\n<meta property=\"og:description\" content=\"\ud83d\udd19 Ontem estivemos nos A\u00daNA Partner Days Barcelona 2025 Uma jornada intensa e enriquecedora no Est\u00e1dio da RCDE, rodeados de profissionais dos sectores da canaliza\u00e7\u00e3o, aquecimento, climatiza\u00e7\u00e3o, eletricidade e energias renov\u00e1veis. \ud83d\udca1 A nossa participa\u00e7\u00e3o neste encontro foi uma grande oportunidade para mostrar as nossas solu\u00e7\u00f5es mais inovadoras e, sobretudo, para continuar a relacionar-nos com&hellip;\" \/>\n<meta property=\"og:url\" content=\"https:\/\/az-broquetas.es\/pt-pt\/az-broquetas-participa-no-auna-partner-days-barcelona-2025\" \/>\n<meta property=\"og:site_name\" content=\"AZ Broquetas\" \/>\n<meta property=\"article:published_time\" content=\"2025-06-30T10:13:30+00:00\" \/>\n<meta property=\"article:modified_time\" content=\"2025-10-13T16:26:55+00:00\" \/>\n<meta property=\"og:image\" content=\"https:\/\/az-broquetas.es\/wp-content\/uploads\/2025\/05\/AZ-Broquetas-en-AUNA-Partner-Days.png\" \/>\n\t<meta property=\"og:image:width\" content=\"1072\" \/>\n\t<meta property=\"og:image:height\" content=\"1080\" \/>\n\t<meta property=\"og:image:type\" content=\"image\/png\" \/>\n<meta name=\"author\" content=\"Sonia\" \/>\n<meta name=\"twitter:card\" content=\"summary_large_image\" \/>\n<meta name=\"twitter:label1\" content=\"Escrito por\" \/>\n\t<meta name=\"twitter:data1\" content=\"Sonia\" \/>\n<script type=\"application\/ld+json\" class=\"yoast-schema-graph\">{\"@context\":\"https:\/\/schema.org\",\"@graph\":[{\"@type\":\"Article\",\"@id\":\"https:\/\/az-broquetas.es\/pt-pt\/az-broquetas-participa-no-auna-partner-days-barcelona-2025#article\",\"isPartOf\":{\"@id\":\"https:\/\/az-broquetas.es\/pt-pt\/az-broquetas-participa-no-auna-partner-days-barcelona-2025\"},\"author\":{\"name\":\"Sonia\",\"@id\":\"https:\/\/az-broquetas.es\/pt-pt#\/schema\/person\/fec410f538c8a3712a07db5a1695115f\"},\"headline\":\"AZ Broquetas participa no A\u00daNA Partner Days Barcelona 2025\",\"datePublished\":\"2025-06-30T10:13:30+00:00\",\"dateModified\":\"2025-10-13T16:26:55+00:00\",\"mainEntityOfPage\":{\"@id\":\"https:\/\/az-broquetas.es\/pt-pt\/az-broquetas-participa-no-auna-partner-days-barcelona-2025\"},\"wordCount\":107,\"commentCount\":0,\"publisher\":{\"@id\":\"https:\/\/az-broquetas.es\/pt-pt#organization\"},\"image\":{\"@id\":\"https:\/\/az-broquetas.es\/pt-pt\/az-broquetas-participa-no-auna-partner-days-barcelona-2025#primaryimage\"},\"thumbnailUrl\":\"https:\/\/az-broquetas.es\/wp-content\/uploads\/2025\/05\/AZ-Broquetas-en-AUNA-Partner-Days.png\",\"articleSection\":[\"Eventos\"],\"inLanguage\":\"pt-PT\",\"potentialAction\":[{\"@type\":\"CommentAction\",\"name\":\"Comment\",\"target\":[\"https:\/\/az-broquetas.es\/pt-pt\/az-broquetas-participa-no-auna-partner-days-barcelona-2025#respond\"]}]},{\"@type\":\"WebPage\",\"@id\":\"https:\/\/az-broquetas.es\/pt-pt\/az-broquetas-participa-no-auna-partner-days-barcelona-2025\",\"url\":\"https:\/\/az-broquetas.es\/pt-pt\/az-broquetas-participa-no-auna-partner-days-barcelona-2025\",\"name\":\"AZ Broquetas participa no A\u00daNA Partner Days Barcelona 2025 - AZ Broquetas\",\"isPartOf\":{\"@id\":\"https:\/\/az-broquetas.es\/pt-pt#website\"},\"primaryImageOfPage\":{\"@id\":\"https:\/\/az-broquetas.es\/pt-pt\/az-broquetas-participa-no-auna-partner-days-barcelona-2025#primaryimage\"},\"image\":{\"@id\":\"https:\/\/az-broquetas.es\/pt-pt\/az-broquetas-participa-no-auna-partner-days-barcelona-2025#primaryimage\"},\"thumbnailUrl\":\"https:\/\/az-broquetas.es\/wp-content\/uploads\/2025\/05\/AZ-Broquetas-en-AUNA-Partner-Days.png\",\"datePublished\":\"2025-06-30T10:13:30+00:00\",\"dateModified\":\"2025-10-13T16:26:55+00:00\",\"breadcrumb\":{\"@id\":\"https:\/\/az-broquetas.es\/pt-pt\/az-broquetas-participa-no-auna-partner-days-barcelona-2025#breadcrumb\"},\"inLanguage\":\"pt-PT\",\"potentialAction\":[{\"@type\":\"ReadAction\",\"target\":[\"https:\/\/az-broquetas.es\/pt-pt\/az-broquetas-participa-no-auna-partner-days-barcelona-2025\"]}]},{\"@type\":\"ImageObject\",\"inLanguage\":\"pt-PT\",\"@id\":\"https:\/\/az-broquetas.es\/pt-pt\/az-broquetas-participa-no-auna-partner-days-barcelona-2025#primaryimage\",\"url\":\"https:\/\/az-broquetas.es\/wp-content\/uploads\/2025\/05\/AZ-Broquetas-en-AUNA-Partner-Days.png\",\"contentUrl\":\"https:\/\/az-broquetas.es\/wp-content\/uploads\/2025\/05\/AZ-Broquetas-en-AUNA-Partner-Days.png\",\"width\":1072,\"height\":1080,\"caption\":\"AZ Broquetas en AUNA Partner Days\"},{\"@type\":\"BreadcrumbList\",\"@id\":\"https:\/\/az-broquetas.es\/pt-pt\/az-broquetas-participa-no-auna-partner-days-barcelona-2025#breadcrumb\",\"itemListElement\":[{\"@type\":\"ListItem\",\"position\":1,\"name\":\"Portada\",\"item\":\"https:\/\/az-broquetas.es\/pt-pt\"},{\"@type\":\"ListItem\",\"position\":2,\"name\":\"AZ Broquetas participa no A\u00daNA Partner Days Barcelona 2025\"}]},{\"@type\":\"WebSite\",\"@id\":\"https:\/\/az-broquetas.es\/pt-pt#website\",\"url\":\"https:\/\/az-broquetas.es\/pt-pt\",\"name\":\"AZ Broquetas\",\"description\":\"Soluciones de conexi\u00f3n innovadoras\",\"publisher\":{\"@id\":\"https:\/\/az-broquetas.es\/pt-pt#organization\"},\"potentialAction\":[{\"@type\":\"SearchAction\",\"target\":{\"@type\":\"EntryPoint\",\"urlTemplate\":\"https:\/\/az-broquetas.es\/pt-pt?s={search_term_string}\"},\"query-input\":{\"@type\":\"PropertyValueSpecification\",\"valueRequired\":true,\"valueName\":\"search_term_string\"}}],\"inLanguage\":\"pt-PT\"},{\"@type\":\"Organization\",\"@id\":\"https:\/\/az-broquetas.es\/pt-pt#organization\",\"name\":\"AZ Broquetas\",\"url\":\"https:\/\/az-broquetas.es\/pt-pt\",\"logo\":{\"@type\":\"ImageObject\",\"inLanguage\":\"pt-PT\",\"@id\":\"https:\/\/az-broquetas.es\/pt-pt#\/schema\/logo\/image\/\",\"url\":\"https:\/\/az-broquetas.es\/wp-content\/uploads\/2024\/03\/Logo-AZ.png\",\"contentUrl\":\"https:\/\/az-broquetas.es\/wp-content\/uploads\/2024\/03\/Logo-AZ.png\",\"width\":350,\"height\":100,\"caption\":\"AZ Broquetas\"},\"image\":{\"@id\":\"https:\/\/az-broquetas.es\/pt-pt#\/schema\/logo\/image\/\"},\"sameAs\":[\"https:\/\/www.linkedin.com\/company\/az-broquetas-s-l\/\",\"https:\/\/www.youtube.com\/@azbroquetass.l7674\"]},{\"@type\":\"Person\",\"@id\":\"https:\/\/az-broquetas.es\/pt-pt#\/schema\/person\/fec410f538c8a3712a07db5a1695115f\",\"name\":\"Sonia\",\"image\":{\"@type\":\"ImageObject\",\"inLanguage\":\"pt-PT\",\"@id\":\"https:\/\/az-broquetas.es\/pt-pt#\/schema\/person\/image\/\",\"url\":\"https:\/\/secure.gravatar.com\/avatar\/9488b617977cf297a91217e6459fab3bba303b77184e1fa2045ac86ffb34189b?s=96&d=mm&r=g\",\"contentUrl\":\"https:\/\/secure.gravatar.com\/avatar\/9488b617977cf297a91217e6459fab3bba303b77184e1fa2045ac86ffb34189b?s=96&d=mm&r=g\",\"caption\":\"Sonia\"}}]}<\/script>\n<!-- \/ Yoast SEO plugin. -->","yoast_head_json":{"title":"AZ Broquetas participa no A\u00daNA Partner Days Barcelona 2025 - AZ Broquetas","robots":{"index":"index","follow":"follow","max-snippet":"max-snippet:-1","max-image-preview":"max-image-preview:large","max-video-preview":"max-video-preview:-1"},"canonical":"https:\/\/az-broquetas.es\/pt-pt\/az-broquetas-participa-no-auna-partner-days-barcelona-2025","og_locale":"pt_PT","og_type":"article","og_title":"AZ Broquetas participa no A\u00daNA Partner Days Barcelona 2025 - AZ Broquetas","og_description":"\ud83d\udd19 Ontem estivemos nos A\u00daNA Partner Days Barcelona 2025 Uma jornada intensa e enriquecedora no Est\u00e1dio da RCDE, rodeados de profissionais dos sectores da canaliza\u00e7\u00e3o, aquecimento, climatiza\u00e7\u00e3o, eletricidade e energias renov\u00e1veis. \ud83d\udca1 A nossa participa\u00e7\u00e3o neste encontro foi uma grande oportunidade para mostrar as nossas solu\u00e7\u00f5es mais inovadoras e, sobretudo, para continuar a relacionar-nos com&hellip;","og_url":"https:\/\/az-broquetas.es\/pt-pt\/az-broquetas-participa-no-auna-partner-days-barcelona-2025","og_site_name":"AZ Broquetas","article_published_time":"2025-06-30T10:13:30+00:00","article_modified_time":"2025-10-13T16:26:55+00:00","og_image":[{"width":1072,"height":1080,"url":"https:\/\/az-broquetas.es\/wp-content\/uploads\/2025\/05\/AZ-Broquetas-en-AUNA-Partner-Days.png","type":"image\/png"}],"author":"Sonia","twitter_card":"summary_large_image","twitter_misc":{"Escrito por":"Sonia"},"schema":{"@context":"https:\/\/schema.org","@graph":[{"@type":"Article","@id":"https:\/\/az-broquetas.es\/pt-pt\/az-broquetas-participa-no-auna-partner-days-barcelona-2025#article","isPartOf":{"@id":"https:\/\/az-broquetas.es\/pt-pt\/az-broquetas-participa-no-auna-partner-days-barcelona-2025"},"author":{"name":"Sonia","@id":"https:\/\/az-broquetas.es\/pt-pt#\/schema\/person\/fec410f538c8a3712a07db5a1695115f"},"headline":"AZ Broquetas participa no A\u00daNA Partner Days Barcelona 2025","datePublished":"2025-06-30T10:13:30+00:00","dateModified":"2025-10-13T16:26:55+00:00","mainEntityOfPage":{"@id":"https:\/\/az-broquetas.es\/pt-pt\/az-broquetas-participa-no-auna-partner-days-barcelona-2025"},"wordCount":107,"commentCount":0,"publisher":{"@id":"https:\/\/az-broquetas.es\/pt-pt#organization"},"image":{"@id":"https:\/\/az-broquetas.es\/pt-pt\/az-broquetas-participa-no-auna-partner-days-barcelona-2025#primaryimage"},"thumbnailUrl":"https:\/\/az-broquetas.es\/wp-content\/uploads\/2025\/05\/AZ-Broquetas-en-AUNA-Partner-Days.png","articleSection":["Eventos"],"inLanguage":"pt-PT","potentialAction":[{"@type":"CommentAction","name":"Comment","target":["https:\/\/az-broquetas.es\/pt-pt\/az-broquetas-participa-no-auna-partner-days-barcelona-2025#respond"]}]},{"@type":"WebPage","@id":"https:\/\/az-broquetas.es\/pt-pt\/az-broquetas-participa-no-auna-partner-days-barcelona-2025","url":"https:\/\/az-broquetas.es\/pt-pt\/az-broquetas-participa-no-auna-partner-days-barcelona-2025","name":"AZ Broquetas participa no A\u00daNA Partner Days Barcelona 2025 - AZ Broquetas","isPartOf":{"@id":"https:\/\/az-broquetas.es\/pt-pt#website"},"primaryImageOfPage":{"@id":"https:\/\/az-broquetas.es\/pt-pt\/az-broquetas-participa-no-auna-partner-days-barcelona-2025#primaryimage"},"image":{"@id":"https:\/\/az-broquetas.es\/pt-pt\/az-broquetas-participa-no-auna-partner-days-barcelona-2025#primaryimage"},"thumbnailUrl":"https:\/\/az-broquetas.es\/wp-content\/uploads\/2025\/05\/AZ-Broquetas-en-AUNA-Partner-Days.png","datePublished":"2025-06-30T10:13:30+00:00","dateModified":"2025-10-13T16:26:55+00:00","breadcrumb":{"@id":"https:\/\/az-broquetas.es\/pt-pt\/az-broquetas-participa-no-auna-partner-days-barcelona-2025#breadcrumb"},"inLanguage":"pt-PT","potentialAction":[{"@type":"ReadAction","target":["https:\/\/az-broquetas.es\/pt-pt\/az-broquetas-participa-no-auna-partner-days-barcelona-2025"]}]},{"@type":"ImageObject","inLanguage":"pt-PT","@id":"https:\/\/az-broquetas.es\/pt-pt\/az-broquetas-participa-no-auna-partner-days-barcelona-2025#primaryimage","url":"https:\/\/az-broquetas.es\/wp-content\/uploads\/2025\/05\/AZ-Broquetas-en-AUNA-Partner-Days.png","contentUrl":"https:\/\/az-broquetas.es\/wp-content\/uploads\/2025\/05\/AZ-Broquetas-en-AUNA-Partner-Days.png","width":1072,"height":1080,"caption":"AZ Broquetas en AUNA Partner Days"},{"@type":"BreadcrumbList","@id":"https:\/\/az-broquetas.es\/pt-pt\/az-broquetas-participa-no-auna-partner-days-barcelona-2025#breadcrumb","itemListElement":[{"@type":"ListItem","position":1,"name":"Portada","item":"https:\/\/az-broquetas.es\/pt-pt"},{"@type":"ListItem","position":2,"name":"AZ Broquetas participa no A\u00daNA Partner Days Barcelona 2025"}]},{"@type":"WebSite","@id":"https:\/\/az-broquetas.es\/pt-pt#website","url":"https:\/\/az-broquetas.es\/pt-pt","name":"AZ Broquetas","description":"Soluciones de conexi\u00f3n innovadoras","publisher":{"@id":"https:\/\/az-broquetas.es\/pt-pt#organization"},"potentialAction":[{"@type":"SearchAction","target":{"@type":"EntryPoint","urlTemplate":"https:\/\/az-broquetas.es\/pt-pt?s={search_term_string}"},"query-input":{"@type":"PropertyValueSpecification","valueRequired":true,"valueName":"search_term_string"}}],"inLanguage":"pt-PT"},{"@type":"Organization","@id":"https:\/\/az-broquetas.es\/pt-pt#organization","name":"AZ Broquetas","url":"https:\/\/az-broquetas.es\/pt-pt","logo":{"@type":"ImageObject","inLanguage":"pt-PT","@id":"https:\/\/az-broquetas.es\/pt-pt#\/schema\/logo\/image\/","url":"https:\/\/az-broquetas.es\/wp-content\/uploads\/2024\/03\/Logo-AZ.png","contentUrl":"https:\/\/az-broquetas.es\/wp-content\/uploads\/2024\/03\/Logo-AZ.png","width":350,"height":100,"caption":"AZ Broquetas"},"image":{"@id":"https:\/\/az-broquetas.es\/pt-pt#\/schema\/logo\/image\/"},"sameAs":["https:\/\/www.linkedin.com\/company\/az-broquetas-s-l\/","https:\/\/www.youtube.com\/@azbroquetass.l7674"]},{"@type":"Person","@id":"https:\/\/az-broquetas.es\/pt-pt#\/schema\/person\/fec410f538c8a3712a07db5a1695115f","name":"Sonia","image":{"@type":"ImageObject","inLanguage":"pt-PT","@id":"https:\/\/az-broquetas.es\/pt-pt#\/schema\/person\/image\/","url":"https:\/\/secure.gravatar.com\/avatar\/9488b617977cf297a91217e6459fab3bba303b77184e1fa2045ac86ffb34189b?s=96&d=mm&r=g","contentUrl":"https:\/\/secure.gravatar.com\/avatar\/9488b617977cf297a91217e6459fab3bba303b77184e1fa2045ac86ffb34189b?s=96&d=mm&r=g","caption":"Sonia"}}]}},"_links":{"self":[{"href":"https:\/\/az-broquetas.es\/pt-pt\/wp-json\/wp\/v2\/posts\/17733","targetHints":{"allow":["GET"]}}],"collection":[{"href":"https:\/\/az-broquetas.es\/pt-pt\/wp-json\/wp\/v2\/posts"}],"about":[{"href":"https:\/\/az-broquetas.es\/pt-pt\/wp-json\/wp\/v2\/types\/post"}],"author":[{"embeddable":true,"href":"https:\/\/az-broquetas.es\/pt-pt\/wp-json\/wp\/v2\/users\/3"}],"replies":[{"embeddable":true,"href":"https:\/\/az-broquetas.es\/pt-pt\/wp-json\/wp\/v2\/comments?post=17733"}],"version-history":[{"count":1,"href":"https:\/\/az-broquetas.es\/pt-pt\/wp-json\/wp\/v2\/posts\/17733\/revisions"}],"predecessor-version":[{"id":17739,"href":"https:\/\/az-broquetas.es\/pt-pt\/wp-json\/wp\/v2\/posts\/17733\/revisions\/17739"}],"wp:featuredmedia":[{"embeddable":true,"href":"https:\/\/az-broquetas.es\/pt-pt\/wp-json\/wp\/v2\/media\/17737"}],"wp:attachment":[{"href":"https:\/\/az-broquetas.es\/pt-pt\/wp-json\/wp\/v2\/media?parent=17733"}],"wp:term":[{"taxonomy":"category","embeddable":true,"href":"https:\/\/az-broquetas.es\/pt-pt\/wp-json\/wp\/v2\/categories?post=17733"},{"taxonomy":"post_tag","embeddable":true,"href":"https:\/\/az-broquetas.es\/pt-pt\/wp-json\/wp\/v2\/tags?post=17733"}],"curies":[{"name":"wp","href":"https:\/\/api.w.org\/{rel}","templated":true}]}}