{"id":17734,"date":"2025-06-30T10:13:30","date_gmt":"2025-06-30T10:13:30","guid":{"rendered":"https:\/\/az-broquetas.es\/dia-do-parceiro-auna-2024"},"modified":"2025-11-11T17:05:22","modified_gmt":"2025-11-11T17:05:22","slug":"dia-do-parceiro-auna-2024","status":"publish","type":"post","link":"https:\/\/az-broquetas.es\/pt-pt\/dia-do-parceiro-auna-2024","title":{"rendered":"AZ Broquetas nos Dias do Parceiro A\u00daNA Madrid 2024"},"content":{"rendered":"\n<p>Partilhamos contigo um resumo da nossa participa\u00e7\u00e3o no primeiro A\u00daNA Partner Day 2024, organizado pela <a href=\"https:\/\/www.linkedin.com\/company\/aunaccs\/\">A\u00daNA Distribuci\u00f3n<\/a>, que teve lugar na semana passada em Madrid.  <\/p>\n\n<figure class=\"wp-block-video\"><video height=\"788\" style=\"aspect-ratio: 940 \/ 788;\" width=\"940\" controls=\"\" src=\"https:\/\/az-broquetas.es\/wp-content\/uploads\/2024\/05\/evento-auna-partner-day.mp4\"><\/video><\/figure>\n\n<p>O evento reuniu <strong>mais de 2.100 profissionais do sector<\/strong>, entre fabricantes, instaladores e distribuidores, e consolidou-se como um dos encontros mais importantes do ano para o sector da <strong>instala\u00e7\u00e3o e distribui\u00e7\u00e3o industrial<\/strong>.<\/p>\n\n<p>A nossa participa\u00e7\u00e3o foi uma excelente oportunidade para <strong>apresentar as mais recentes solu\u00e7\u00f5es da AZ Broquetas<\/strong>, trocar experi\u00eancias com outros profissionais e refor\u00e7ar alian\u00e7as com parceiros estrat\u00e9gicos do sector.<\/p>\n\n<p>Queremos agradecer a todas as pessoas que nos visitaram no nosso stand e, especialmente, \u00e0 equipa que representou a empresa durante o evento: <a href=\"https:\/\/www.linkedin.com\/in\/ACoAABBW8scBtEw8ITw-TEtjeuKnrLemjLykTLE\"><\/a><a href=\"https:\/\/www.linkedin.com\/in\/jordi-garcia-23398277\/\">Jordi Garcia<\/a>, <a href=\"https:\/\/www.linkedin.com\/in\/ACoAABHQVzcBuoIAOwUBsp9SUNYcAipWqX_zo4Y\"><\/a> Llu\u00eds<a href=\"https:\/\/www.linkedin.com\/in\/llu%C3%ADs-broquetas-18710b84\/\">Broquetas<\/a>, Juanjo de Repuico e <a href=\"https:\/\/www.linkedin.com\/in\/ACoAABrz1AkBqga6dQkwugQuUYBjPeWiZGXVWIo\"><\/a><a href=\"https:\/\/www.linkedin.com\/in\/sonia-ramos-46152a107\/\">SONIA RAMOS<\/a>.  <\/p>\n\n<p>Esperamos ver-te no dia 13 de junho na APDBarcelona! Partilharemos todos os detalhes contigo em breve.   <\/p>\n","protected":false},"excerpt":{"rendered":"<p>Partilhamos contigo um resumo da nossa participa\u00e7\u00e3o no primeiro A\u00daNA Partner Day 2024, organizado pela A\u00daNA Distribuci\u00f3n, que teve lugar na semana passada em Madrid. O evento reuniu mais de 2.100 profissionais do sector, entre fabricantes, instaladores e distribuidores, e consolidou-se como um dos encontros mais importantes do ano para o sector da instala\u00e7\u00e3o e&hellip;<\/p>\n","protected":false},"author":3,"featured_media":17735,"comment_status":"open","ping_status":"open","sticky":false,"template":"","format":"standard","meta":{"footnotes":""},"categories":[198],"tags":[],"class_list":["post-17734","post","type-post","status-publish","format-standard","has-post-thumbnail","hentry","category-eventos-pt-pt","category-198","description-off"],"yoast_head":"<!-- This site is optimized with the Yoast SEO plugin v26.9 - https:\/\/yoast.com\/product\/yoast-seo-wordpress\/ -->\n<title>AZ Broquetas nos Dias do Parceiro A\u00daNA Madrid 2024 - AZ Broquetas<\/title>\n<meta name=\"description\" content=\"AZ Broquetas esteve presente no Partner Day 2024 da A\u00daNA, que reuniu mais de 2.100 profissionais do sector. Descobre como foi a nossa experi\u00eancia neste encontro em Madrid.\" \/>\n<meta name=\"robots\" content=\"index, follow, max-snippet:-1, max-image-preview:large, max-video-preview:-1\" \/>\n<link rel=\"canonical\" href=\"https:\/\/az-broquetas.es\/pt-pt\/dia-do-parceiro-auna-2024\" \/>\n<meta property=\"og:locale\" content=\"pt_PT\" \/>\n<meta property=\"og:type\" content=\"article\" \/>\n<meta property=\"og:title\" content=\"AZ Broquetas nos Dias do Parceiro A\u00daNA Madrid 2024 - AZ Broquetas\" \/>\n<meta property=\"og:description\" content=\"AZ Broquetas esteve presente no Partner Day 2024 da A\u00daNA, que reuniu mais de 2.100 profissionais do sector. Descobre como foi a nossa experi\u00eancia neste encontro em Madrid.\" \/>\n<meta property=\"og:url\" content=\"https:\/\/az-broquetas.es\/pt-pt\/dia-do-parceiro-auna-2024\" \/>\n<meta property=\"og:site_name\" content=\"AZ Broquetas\" \/>\n<meta property=\"article:published_time\" content=\"2025-06-30T10:13:30+00:00\" \/>\n<meta property=\"article:modified_time\" content=\"2025-11-11T17:05:22+00:00\" \/>\n<meta property=\"og:image\" content=\"https:\/\/az-broquetas.es\/wp-content\/uploads\/2024\/05\/AUNA-partner-day-2024.jpg\" \/>\n\t<meta property=\"og:image:width\" content=\"552\" \/>\n\t<meta property=\"og:image:height\" content=\"291\" \/>\n\t<meta property=\"og:image:type\" content=\"image\/jpeg\" \/>\n<meta name=\"author\" content=\"Sonia\" \/>\n<meta name=\"twitter:card\" content=\"summary_large_image\" \/>\n<meta name=\"twitter:label1\" content=\"Escrito por\" \/>\n\t<meta name=\"twitter:data1\" content=\"Sonia\" \/>\n\t<meta name=\"twitter:label2\" content=\"Tempo estimado de leitura\" \/>\n\t<meta name=\"twitter:data2\" content=\"1 minuto\" \/>\n<script type=\"application\/ld+json\" class=\"yoast-schema-graph\">{\"@context\":\"https:\/\/schema.org\",\"@graph\":[{\"@type\":\"Article\",\"@id\":\"https:\/\/az-broquetas.es\/pt-pt\/dia-do-parceiro-auna-2024#article\",\"isPartOf\":{\"@id\":\"https:\/\/az-broquetas.es\/pt-pt\/dia-do-parceiro-auna-2024\"},\"author\":{\"name\":\"Sonia\",\"@id\":\"https:\/\/az-broquetas.es\/pt-pt#\/schema\/person\/fec410f538c8a3712a07db5a1695115f\"},\"headline\":\"AZ Broquetas nos Dias do Parceiro A\u00daNA Madrid 2024\",\"datePublished\":\"2025-06-30T10:13:30+00:00\",\"dateModified\":\"2025-11-11T17:05:22+00:00\",\"mainEntityOfPage\":{\"@id\":\"https:\/\/az-broquetas.es\/pt-pt\/dia-do-parceiro-auna-2024\"},\"wordCount\":152,\"commentCount\":0,\"publisher\":{\"@id\":\"https:\/\/az-broquetas.es\/pt-pt#organization\"},\"image\":{\"@id\":\"https:\/\/az-broquetas.es\/pt-pt\/dia-do-parceiro-auna-2024#primaryimage\"},\"thumbnailUrl\":\"https:\/\/az-broquetas.es\/wp-content\/uploads\/2024\/05\/AUNA-partner-day-2024.jpg\",\"articleSection\":[\"Eventos\"],\"inLanguage\":\"pt-PT\",\"potentialAction\":[{\"@type\":\"CommentAction\",\"name\":\"Comment\",\"target\":[\"https:\/\/az-broquetas.es\/pt-pt\/dia-do-parceiro-auna-2024#respond\"]}]},{\"@type\":\"WebPage\",\"@id\":\"https:\/\/az-broquetas.es\/pt-pt\/dia-do-parceiro-auna-2024\",\"url\":\"https:\/\/az-broquetas.es\/pt-pt\/dia-do-parceiro-auna-2024\",\"name\":\"AZ Broquetas nos Dias do Parceiro A\u00daNA Madrid 2024 - AZ Broquetas\",\"isPartOf\":{\"@id\":\"https:\/\/az-broquetas.es\/pt-pt#website\"},\"primaryImageOfPage\":{\"@id\":\"https:\/\/az-broquetas.es\/pt-pt\/dia-do-parceiro-auna-2024#primaryimage\"},\"image\":{\"@id\":\"https:\/\/az-broquetas.es\/pt-pt\/dia-do-parceiro-auna-2024#primaryimage\"},\"thumbnailUrl\":\"https:\/\/az-broquetas.es\/wp-content\/uploads\/2024\/05\/AUNA-partner-day-2024.jpg\",\"datePublished\":\"2025-06-30T10:13:30+00:00\",\"dateModified\":\"2025-11-11T17:05:22+00:00\",\"description\":\"AZ Broquetas esteve presente no Partner Day 2024 da A\u00daNA, que reuniu mais de 2.100 profissionais do sector. Descobre como foi a nossa experi\u00eancia neste encontro em Madrid.\",\"breadcrumb\":{\"@id\":\"https:\/\/az-broquetas.es\/pt-pt\/dia-do-parceiro-auna-2024#breadcrumb\"},\"inLanguage\":\"pt-PT\",\"potentialAction\":[{\"@type\":\"ReadAction\",\"target\":[\"https:\/\/az-broquetas.es\/pt-pt\/dia-do-parceiro-auna-2024\"]}]},{\"@type\":\"ImageObject\",\"inLanguage\":\"pt-PT\",\"@id\":\"https:\/\/az-broquetas.es\/pt-pt\/dia-do-parceiro-auna-2024#primaryimage\",\"url\":\"https:\/\/az-broquetas.es\/wp-content\/uploads\/2024\/05\/AUNA-partner-day-2024.jpg\",\"contentUrl\":\"https:\/\/az-broquetas.es\/wp-content\/uploads\/2024\/05\/AUNA-partner-day-2024.jpg\",\"width\":552,\"height\":291,\"caption\":\"AUNA partner day 2024\"},{\"@type\":\"BreadcrumbList\",\"@id\":\"https:\/\/az-broquetas.es\/pt-pt\/dia-do-parceiro-auna-2024#breadcrumb\",\"itemListElement\":[{\"@type\":\"ListItem\",\"position\":1,\"name\":\"Portada\",\"item\":\"https:\/\/az-broquetas.es\/pt-pt\"},{\"@type\":\"ListItem\",\"position\":2,\"name\":\"AZ Broquetas nos Dias do Parceiro A\u00daNA Madrid 2024\"}]},{\"@type\":\"WebSite\",\"@id\":\"https:\/\/az-broquetas.es\/pt-pt#website\",\"url\":\"https:\/\/az-broquetas.es\/pt-pt\",\"name\":\"AZ Broquetas\",\"description\":\"Soluciones de conexi\u00f3n innovadoras\",\"publisher\":{\"@id\":\"https:\/\/az-broquetas.es\/pt-pt#organization\"},\"potentialAction\":[{\"@type\":\"SearchAction\",\"target\":{\"@type\":\"EntryPoint\",\"urlTemplate\":\"https:\/\/az-broquetas.es\/pt-pt?s={search_term_string}\"},\"query-input\":{\"@type\":\"PropertyValueSpecification\",\"valueRequired\":true,\"valueName\":\"search_term_string\"}}],\"inLanguage\":\"pt-PT\"},{\"@type\":\"Organization\",\"@id\":\"https:\/\/az-broquetas.es\/pt-pt#organization\",\"name\":\"AZ Broquetas\",\"url\":\"https:\/\/az-broquetas.es\/pt-pt\",\"logo\":{\"@type\":\"ImageObject\",\"inLanguage\":\"pt-PT\",\"@id\":\"https:\/\/az-broquetas.es\/pt-pt#\/schema\/logo\/image\/\",\"url\":\"https:\/\/az-broquetas.es\/wp-content\/uploads\/2024\/03\/Logo-AZ.png\",\"contentUrl\":\"https:\/\/az-broquetas.es\/wp-content\/uploads\/2024\/03\/Logo-AZ.png\",\"width\":350,\"height\":100,\"caption\":\"AZ Broquetas\"},\"image\":{\"@id\":\"https:\/\/az-broquetas.es\/pt-pt#\/schema\/logo\/image\/\"},\"sameAs\":[\"https:\/\/www.linkedin.com\/company\/az-broquetas-s-l\/\",\"https:\/\/www.youtube.com\/@azbroquetass.l7674\"]},{\"@type\":\"Person\",\"@id\":\"https:\/\/az-broquetas.es\/pt-pt#\/schema\/person\/fec410f538c8a3712a07db5a1695115f\",\"name\":\"Sonia\",\"image\":{\"@type\":\"ImageObject\",\"inLanguage\":\"pt-PT\",\"@id\":\"https:\/\/az-broquetas.es\/pt-pt#\/schema\/person\/image\/\",\"url\":\"https:\/\/secure.gravatar.com\/avatar\/9488b617977cf297a91217e6459fab3bba303b77184e1fa2045ac86ffb34189b?s=96&d=mm&r=g\",\"contentUrl\":\"https:\/\/secure.gravatar.com\/avatar\/9488b617977cf297a91217e6459fab3bba303b77184e1fa2045ac86ffb34189b?s=96&d=mm&r=g\",\"caption\":\"Sonia\"}}]}<\/script>\n<!-- \/ Yoast SEO plugin. -->","yoast_head_json":{"title":"AZ Broquetas nos Dias do Parceiro A\u00daNA Madrid 2024 - AZ Broquetas","description":"AZ Broquetas esteve presente no Partner Day 2024 da A\u00daNA, que reuniu mais de 2.100 profissionais do sector. Descobre como foi a nossa experi\u00eancia neste encontro em Madrid.","robots":{"index":"index","follow":"follow","max-snippet":"max-snippet:-1","max-image-preview":"max-image-preview:large","max-video-preview":"max-video-preview:-1"},"canonical":"https:\/\/az-broquetas.es\/pt-pt\/dia-do-parceiro-auna-2024","og_locale":"pt_PT","og_type":"article","og_title":"AZ Broquetas nos Dias do Parceiro A\u00daNA Madrid 2024 - AZ Broquetas","og_description":"AZ Broquetas esteve presente no Partner Day 2024 da A\u00daNA, que reuniu mais de 2.100 profissionais do sector. Descobre como foi a nossa experi\u00eancia neste encontro em Madrid.","og_url":"https:\/\/az-broquetas.es\/pt-pt\/dia-do-parceiro-auna-2024","og_site_name":"AZ Broquetas","article_published_time":"2025-06-30T10:13:30+00:00","article_modified_time":"2025-11-11T17:05:22+00:00","og_image":[{"width":552,"height":291,"url":"https:\/\/az-broquetas.es\/wp-content\/uploads\/2024\/05\/AUNA-partner-day-2024.jpg","type":"image\/jpeg"}],"author":"Sonia","twitter_card":"summary_large_image","twitter_misc":{"Escrito por":"Sonia","Tempo estimado de leitura":"1 minuto"},"schema":{"@context":"https:\/\/schema.org","@graph":[{"@type":"Article","@id":"https:\/\/az-broquetas.es\/pt-pt\/dia-do-parceiro-auna-2024#article","isPartOf":{"@id":"https:\/\/az-broquetas.es\/pt-pt\/dia-do-parceiro-auna-2024"},"author":{"name":"Sonia","@id":"https:\/\/az-broquetas.es\/pt-pt#\/schema\/person\/fec410f538c8a3712a07db5a1695115f"},"headline":"AZ Broquetas nos Dias do Parceiro A\u00daNA Madrid 2024","datePublished":"2025-06-30T10:13:30+00:00","dateModified":"2025-11-11T17:05:22+00:00","mainEntityOfPage":{"@id":"https:\/\/az-broquetas.es\/pt-pt\/dia-do-parceiro-auna-2024"},"wordCount":152,"commentCount":0,"publisher":{"@id":"https:\/\/az-broquetas.es\/pt-pt#organization"},"image":{"@id":"https:\/\/az-broquetas.es\/pt-pt\/dia-do-parceiro-auna-2024#primaryimage"},"thumbnailUrl":"https:\/\/az-broquetas.es\/wp-content\/uploads\/2024\/05\/AUNA-partner-day-2024.jpg","articleSection":["Eventos"],"inLanguage":"pt-PT","potentialAction":[{"@type":"CommentAction","name":"Comment","target":["https:\/\/az-broquetas.es\/pt-pt\/dia-do-parceiro-auna-2024#respond"]}]},{"@type":"WebPage","@id":"https:\/\/az-broquetas.es\/pt-pt\/dia-do-parceiro-auna-2024","url":"https:\/\/az-broquetas.es\/pt-pt\/dia-do-parceiro-auna-2024","name":"AZ Broquetas nos Dias do Parceiro A\u00daNA Madrid 2024 - AZ Broquetas","isPartOf":{"@id":"https:\/\/az-broquetas.es\/pt-pt#website"},"primaryImageOfPage":{"@id":"https:\/\/az-broquetas.es\/pt-pt\/dia-do-parceiro-auna-2024#primaryimage"},"image":{"@id":"https:\/\/az-broquetas.es\/pt-pt\/dia-do-parceiro-auna-2024#primaryimage"},"thumbnailUrl":"https:\/\/az-broquetas.es\/wp-content\/uploads\/2024\/05\/AUNA-partner-day-2024.jpg","datePublished":"2025-06-30T10:13:30+00:00","dateModified":"2025-11-11T17:05:22+00:00","description":"AZ Broquetas esteve presente no Partner Day 2024 da A\u00daNA, que reuniu mais de 2.100 profissionais do sector. Descobre como foi a nossa experi\u00eancia neste encontro em Madrid.","breadcrumb":{"@id":"https:\/\/az-broquetas.es\/pt-pt\/dia-do-parceiro-auna-2024#breadcrumb"},"inLanguage":"pt-PT","potentialAction":[{"@type":"ReadAction","target":["https:\/\/az-broquetas.es\/pt-pt\/dia-do-parceiro-auna-2024"]}]},{"@type":"ImageObject","inLanguage":"pt-PT","@id":"https:\/\/az-broquetas.es\/pt-pt\/dia-do-parceiro-auna-2024#primaryimage","url":"https:\/\/az-broquetas.es\/wp-content\/uploads\/2024\/05\/AUNA-partner-day-2024.jpg","contentUrl":"https:\/\/az-broquetas.es\/wp-content\/uploads\/2024\/05\/AUNA-partner-day-2024.jpg","width":552,"height":291,"caption":"AUNA partner day 2024"},{"@type":"BreadcrumbList","@id":"https:\/\/az-broquetas.es\/pt-pt\/dia-do-parceiro-auna-2024#breadcrumb","itemListElement":[{"@type":"ListItem","position":1,"name":"Portada","item":"https:\/\/az-broquetas.es\/pt-pt"},{"@type":"ListItem","position":2,"name":"AZ Broquetas nos Dias do Parceiro A\u00daNA Madrid 2024"}]},{"@type":"WebSite","@id":"https:\/\/az-broquetas.es\/pt-pt#website","url":"https:\/\/az-broquetas.es\/pt-pt","name":"AZ Broquetas","description":"Soluciones de conexi\u00f3n innovadoras","publisher":{"@id":"https:\/\/az-broquetas.es\/pt-pt#organization"},"potentialAction":[{"@type":"SearchAction","target":{"@type":"EntryPoint","urlTemplate":"https:\/\/az-broquetas.es\/pt-pt?s={search_term_string}"},"query-input":{"@type":"PropertyValueSpecification","valueRequired":true,"valueName":"search_term_string"}}],"inLanguage":"pt-PT"},{"@type":"Organization","@id":"https:\/\/az-broquetas.es\/pt-pt#organization","name":"AZ Broquetas","url":"https:\/\/az-broquetas.es\/pt-pt","logo":{"@type":"ImageObject","inLanguage":"pt-PT","@id":"https:\/\/az-broquetas.es\/pt-pt#\/schema\/logo\/image\/","url":"https:\/\/az-broquetas.es\/wp-content\/uploads\/2024\/03\/Logo-AZ.png","contentUrl":"https:\/\/az-broquetas.es\/wp-content\/uploads\/2024\/03\/Logo-AZ.png","width":350,"height":100,"caption":"AZ Broquetas"},"image":{"@id":"https:\/\/az-broquetas.es\/pt-pt#\/schema\/logo\/image\/"},"sameAs":["https:\/\/www.linkedin.com\/company\/az-broquetas-s-l\/","https:\/\/www.youtube.com\/@azbroquetass.l7674"]},{"@type":"Person","@id":"https:\/\/az-broquetas.es\/pt-pt#\/schema\/person\/fec410f538c8a3712a07db5a1695115f","name":"Sonia","image":{"@type":"ImageObject","inLanguage":"pt-PT","@id":"https:\/\/az-broquetas.es\/pt-pt#\/schema\/person\/image\/","url":"https:\/\/secure.gravatar.com\/avatar\/9488b617977cf297a91217e6459fab3bba303b77184e1fa2045ac86ffb34189b?s=96&d=mm&r=g","contentUrl":"https:\/\/secure.gravatar.com\/avatar\/9488b617977cf297a91217e6459fab3bba303b77184e1fa2045ac86ffb34189b?s=96&d=mm&r=g","caption":"Sonia"}}]}},"_links":{"self":[{"href":"https:\/\/az-broquetas.es\/pt-pt\/wp-json\/wp\/v2\/posts\/17734","targetHints":{"allow":["GET"]}}],"collection":[{"href":"https:\/\/az-broquetas.es\/pt-pt\/wp-json\/wp\/v2\/posts"}],"about":[{"href":"https:\/\/az-broquetas.es\/pt-pt\/wp-json\/wp\/v2\/types\/post"}],"author":[{"embeddable":true,"href":"https:\/\/az-broquetas.es\/pt-pt\/wp-json\/wp\/v2\/users\/3"}],"replies":[{"embeddable":true,"href":"https:\/\/az-broquetas.es\/pt-pt\/wp-json\/wp\/v2\/comments?post=17734"}],"version-history":[{"count":3,"href":"https:\/\/az-broquetas.es\/pt-pt\/wp-json\/wp\/v2\/posts\/17734\/revisions"}],"predecessor-version":[{"id":18882,"href":"https:\/\/az-broquetas.es\/pt-pt\/wp-json\/wp\/v2\/posts\/17734\/revisions\/18882"}],"wp:featuredmedia":[{"embeddable":true,"href":"https:\/\/az-broquetas.es\/pt-pt\/wp-json\/wp\/v2\/media\/17735"}],"wp:attachment":[{"href":"https:\/\/az-broquetas.es\/pt-pt\/wp-json\/wp\/v2\/media?parent=17734"}],"wp:term":[{"taxonomy":"category","embeddable":true,"href":"https:\/\/az-broquetas.es\/pt-pt\/wp-json\/wp\/v2\/categories?post=17734"},{"taxonomy":"post_tag","embeddable":true,"href":"https:\/\/az-broquetas.es\/pt-pt\/wp-json\/wp\/v2\/tags?post=17734"}],"curies":[{"name":"wp","href":"https:\/\/api.w.org\/{rel}","templated":true}]}}