{"id":17744,"date":"2025-06-30T10:13:33","date_gmt":"2025-06-30T10:13:33","guid":{"rendered":"https:\/\/az-broquetas.es\/dias-do-parceiro-auna-valencia"},"modified":"2025-11-11T16:56:55","modified_gmt":"2025-11-11T16:56:55","slug":"dias-do-parceiro-auna-valencia","status":"publish","type":"post","link":"https:\/\/az-broquetas.es\/pt-pt\/dias-do-parceiro-auna-valencia","title":{"rendered":"Dias do parceiro A\u00daNA Val\u00eancia"},"content":{"rendered":"\n<p>As empresas distribuidoras associadas \u00e0 A\u00daNA Distribuci\u00f3n convidam-te para o evento mais completo, interessante e divertido dos sectores da eletricidade, da canaliza\u00e7\u00e3o, do aquecimento, da climatiza\u00e7\u00e3o e das energias renov\u00e1veis.<br\/><br\/>Inscreve-te o mais rapidamente poss\u00edvel nas sess\u00f5es que mais te interessam. A capacidade \u00e9 limitada. <br\/><br\/>Estamos \u00e0 tua espera!<br\/><br\/>\ud83d\udcc5 12 de setembro<br\/>\ud83d\udccd Feria de Valencia, stand 54 pavilh\u00e3o 8<br\/> \ud83d\udd17 <a href=\"https:\/\/lnkd.in\/ddW5xf85\">https:\/\/lnkd.in\/ddW5xf85<\/a><\/p>\n","protected":false},"excerpt":{"rendered":"<p>As empresas distribuidoras associadas \u00e0 A\u00daNA Distribuci\u00f3n convidam-te para o evento mais completo, interessante e divertido dos sectores da eletricidade, da canaliza\u00e7\u00e3o, do aquecimento, da climatiza\u00e7\u00e3o e das energias renov\u00e1veis. Inscreve-te o mais rapidamente poss\u00edvel nas sess\u00f5es que mais te interessam. A capacidade \u00e9 limitada. Estamos \u00e0 tua espera! \ud83d\udcc5 12 de setembro\ud83d\udccd Feria de&hellip;<\/p>\n","protected":false},"author":3,"featured_media":17745,"comment_status":"open","ping_status":"open","sticky":false,"template":"","format":"standard","meta":{"footnotes":""},"categories":[198],"tags":[],"class_list":["post-17744","post","type-post","status-publish","format-standard","has-post-thumbnail","hentry","category-eventos-pt-pt","category-198","description-off"],"yoast_head":"<!-- This site is optimized with the Yoast SEO plugin v26.9 - https:\/\/yoast.com\/product\/yoast-seo-wordpress\/ -->\n<title>Dias do parceiro A\u00daNA Val\u00eancia - AZ Broquetas<\/title>\n<meta name=\"robots\" content=\"index, follow, max-snippet:-1, max-image-preview:large, max-video-preview:-1\" \/>\n<link rel=\"canonical\" href=\"https:\/\/az-broquetas.es\/pt-pt\/dias-do-parceiro-auna-valencia\" \/>\n<meta property=\"og:locale\" content=\"pt_PT\" \/>\n<meta property=\"og:type\" content=\"article\" \/>\n<meta property=\"og:title\" content=\"Dias do parceiro A\u00daNA Val\u00eancia - AZ Broquetas\" \/>\n<meta property=\"og:description\" content=\"As empresas distribuidoras associadas \u00e0 A\u00daNA Distribuci\u00f3n convidam-te para o evento mais completo, interessante e divertido dos sectores da eletricidade, da canaliza\u00e7\u00e3o, do aquecimento, da climatiza\u00e7\u00e3o e das energias renov\u00e1veis. Inscreve-te o mais rapidamente poss\u00edvel nas sess\u00f5es que mais te interessam. A capacidade \u00e9 limitada. Estamos \u00e0 tua espera! \ud83d\udcc5 12 de setembro\ud83d\udccd Feria de&hellip;\" \/>\n<meta property=\"og:url\" content=\"https:\/\/az-broquetas.es\/pt-pt\/dias-do-parceiro-auna-valencia\" \/>\n<meta property=\"og:site_name\" content=\"AZ Broquetas\" \/>\n<meta property=\"article:published_time\" content=\"2025-06-30T10:13:33+00:00\" \/>\n<meta property=\"article:modified_time\" content=\"2025-11-11T16:56:55+00:00\" \/>\n<meta property=\"og:image\" content=\"https:\/\/az-broquetas.es\/wp-content\/uploads\/2024\/09\/1723452338076.png\" \/>\n\t<meta property=\"og:image:width\" content=\"1280\" \/>\n\t<meta property=\"og:image:height\" content=\"720\" \/>\n\t<meta property=\"og:image:type\" content=\"image\/png\" \/>\n<meta name=\"author\" content=\"Sonia\" \/>\n<meta name=\"twitter:card\" content=\"summary_large_image\" \/>\n<meta name=\"twitter:label1\" content=\"Escrito por\" \/>\n\t<meta name=\"twitter:data1\" content=\"Sonia\" \/>\n<script type=\"application\/ld+json\" class=\"yoast-schema-graph\">{\"@context\":\"https:\/\/schema.org\",\"@graph\":[{\"@type\":\"Article\",\"@id\":\"https:\/\/az-broquetas.es\/pt-pt\/dias-do-parceiro-auna-valencia#article\",\"isPartOf\":{\"@id\":\"https:\/\/az-broquetas.es\/pt-pt\/dias-do-parceiro-auna-valencia\"},\"author\":{\"name\":\"Sonia\",\"@id\":\"https:\/\/az-broquetas.es\/pt-pt#\/schema\/person\/fec410f538c8a3712a07db5a1695115f\"},\"headline\":\"Dias do parceiro A\u00daNA Val\u00eancia\",\"datePublished\":\"2025-06-30T10:13:33+00:00\",\"dateModified\":\"2025-11-11T16:56:55+00:00\",\"mainEntityOfPage\":{\"@id\":\"https:\/\/az-broquetas.es\/pt-pt\/dias-do-parceiro-auna-valencia\"},\"wordCount\":73,\"commentCount\":0,\"publisher\":{\"@id\":\"https:\/\/az-broquetas.es\/pt-pt#organization\"},\"image\":{\"@id\":\"https:\/\/az-broquetas.es\/pt-pt\/dias-do-parceiro-auna-valencia#primaryimage\"},\"thumbnailUrl\":\"https:\/\/az-broquetas.es\/wp-content\/uploads\/2024\/09\/1723452338076.png\",\"articleSection\":[\"Eventos\"],\"inLanguage\":\"pt-PT\",\"potentialAction\":[{\"@type\":\"CommentAction\",\"name\":\"Comment\",\"target\":[\"https:\/\/az-broquetas.es\/pt-pt\/dias-do-parceiro-auna-valencia#respond\"]}]},{\"@type\":\"WebPage\",\"@id\":\"https:\/\/az-broquetas.es\/pt-pt\/dias-do-parceiro-auna-valencia\",\"url\":\"https:\/\/az-broquetas.es\/pt-pt\/dias-do-parceiro-auna-valencia\",\"name\":\"Dias do parceiro A\u00daNA Val\u00eancia - AZ Broquetas\",\"isPartOf\":{\"@id\":\"https:\/\/az-broquetas.es\/pt-pt#website\"},\"primaryImageOfPage\":{\"@id\":\"https:\/\/az-broquetas.es\/pt-pt\/dias-do-parceiro-auna-valencia#primaryimage\"},\"image\":{\"@id\":\"https:\/\/az-broquetas.es\/pt-pt\/dias-do-parceiro-auna-valencia#primaryimage\"},\"thumbnailUrl\":\"https:\/\/az-broquetas.es\/wp-content\/uploads\/2024\/09\/1723452338076.png\",\"datePublished\":\"2025-06-30T10:13:33+00:00\",\"dateModified\":\"2025-11-11T16:56:55+00:00\",\"breadcrumb\":{\"@id\":\"https:\/\/az-broquetas.es\/pt-pt\/dias-do-parceiro-auna-valencia#breadcrumb\"},\"inLanguage\":\"pt-PT\",\"potentialAction\":[{\"@type\":\"ReadAction\",\"target\":[\"https:\/\/az-broquetas.es\/pt-pt\/dias-do-parceiro-auna-valencia\"]}]},{\"@type\":\"ImageObject\",\"inLanguage\":\"pt-PT\",\"@id\":\"https:\/\/az-broquetas.es\/pt-pt\/dias-do-parceiro-auna-valencia#primaryimage\",\"url\":\"https:\/\/az-broquetas.es\/wp-content\/uploads\/2024\/09\/1723452338076.png\",\"contentUrl\":\"https:\/\/az-broquetas.es\/wp-content\/uploads\/2024\/09\/1723452338076.png\",\"width\":1280,\"height\":720,\"caption\":\"AUNA partner days\"},{\"@type\":\"BreadcrumbList\",\"@id\":\"https:\/\/az-broquetas.es\/pt-pt\/dias-do-parceiro-auna-valencia#breadcrumb\",\"itemListElement\":[{\"@type\":\"ListItem\",\"position\":1,\"name\":\"Portada\",\"item\":\"https:\/\/az-broquetas.es\/pt-pt\"},{\"@type\":\"ListItem\",\"position\":2,\"name\":\"Dias do parceiro A\u00daNA Val\u00eancia\"}]},{\"@type\":\"WebSite\",\"@id\":\"https:\/\/az-broquetas.es\/pt-pt#website\",\"url\":\"https:\/\/az-broquetas.es\/pt-pt\",\"name\":\"AZ Broquetas\",\"description\":\"Soluciones de conexi\u00f3n innovadoras\",\"publisher\":{\"@id\":\"https:\/\/az-broquetas.es\/pt-pt#organization\"},\"potentialAction\":[{\"@type\":\"SearchAction\",\"target\":{\"@type\":\"EntryPoint\",\"urlTemplate\":\"https:\/\/az-broquetas.es\/pt-pt?s={search_term_string}\"},\"query-input\":{\"@type\":\"PropertyValueSpecification\",\"valueRequired\":true,\"valueName\":\"search_term_string\"}}],\"inLanguage\":\"pt-PT\"},{\"@type\":\"Organization\",\"@id\":\"https:\/\/az-broquetas.es\/pt-pt#organization\",\"name\":\"AZ Broquetas\",\"url\":\"https:\/\/az-broquetas.es\/pt-pt\",\"logo\":{\"@type\":\"ImageObject\",\"inLanguage\":\"pt-PT\",\"@id\":\"https:\/\/az-broquetas.es\/pt-pt#\/schema\/logo\/image\/\",\"url\":\"https:\/\/az-broquetas.es\/wp-content\/uploads\/2024\/03\/Logo-AZ.png\",\"contentUrl\":\"https:\/\/az-broquetas.es\/wp-content\/uploads\/2024\/03\/Logo-AZ.png\",\"width\":350,\"height\":100,\"caption\":\"AZ Broquetas\"},\"image\":{\"@id\":\"https:\/\/az-broquetas.es\/pt-pt#\/schema\/logo\/image\/\"},\"sameAs\":[\"https:\/\/www.linkedin.com\/company\/az-broquetas-s-l\/\",\"https:\/\/www.youtube.com\/@azbroquetass.l7674\"]},{\"@type\":\"Person\",\"@id\":\"https:\/\/az-broquetas.es\/pt-pt#\/schema\/person\/fec410f538c8a3712a07db5a1695115f\",\"name\":\"Sonia\",\"image\":{\"@type\":\"ImageObject\",\"inLanguage\":\"pt-PT\",\"@id\":\"https:\/\/az-broquetas.es\/pt-pt#\/schema\/person\/image\/\",\"url\":\"https:\/\/secure.gravatar.com\/avatar\/9488b617977cf297a91217e6459fab3bba303b77184e1fa2045ac86ffb34189b?s=96&d=mm&r=g\",\"contentUrl\":\"https:\/\/secure.gravatar.com\/avatar\/9488b617977cf297a91217e6459fab3bba303b77184e1fa2045ac86ffb34189b?s=96&d=mm&r=g\",\"caption\":\"Sonia\"}}]}<\/script>\n<!-- \/ Yoast SEO plugin. -->","yoast_head_json":{"title":"Dias do parceiro A\u00daNA Val\u00eancia - AZ Broquetas","robots":{"index":"index","follow":"follow","max-snippet":"max-snippet:-1","max-image-preview":"max-image-preview:large","max-video-preview":"max-video-preview:-1"},"canonical":"https:\/\/az-broquetas.es\/pt-pt\/dias-do-parceiro-auna-valencia","og_locale":"pt_PT","og_type":"article","og_title":"Dias do parceiro A\u00daNA Val\u00eancia - AZ Broquetas","og_description":"As empresas distribuidoras associadas \u00e0 A\u00daNA Distribuci\u00f3n convidam-te para o evento mais completo, interessante e divertido dos sectores da eletricidade, da canaliza\u00e7\u00e3o, do aquecimento, da climatiza\u00e7\u00e3o e das energias renov\u00e1veis. Inscreve-te o mais rapidamente poss\u00edvel nas sess\u00f5es que mais te interessam. A capacidade \u00e9 limitada. Estamos \u00e0 tua espera! \ud83d\udcc5 12 de setembro\ud83d\udccd Feria de&hellip;","og_url":"https:\/\/az-broquetas.es\/pt-pt\/dias-do-parceiro-auna-valencia","og_site_name":"AZ Broquetas","article_published_time":"2025-06-30T10:13:33+00:00","article_modified_time":"2025-11-11T16:56:55+00:00","og_image":[{"width":1280,"height":720,"url":"https:\/\/az-broquetas.es\/wp-content\/uploads\/2024\/09\/1723452338076.png","type":"image\/png"}],"author":"Sonia","twitter_card":"summary_large_image","twitter_misc":{"Escrito por":"Sonia"},"schema":{"@context":"https:\/\/schema.org","@graph":[{"@type":"Article","@id":"https:\/\/az-broquetas.es\/pt-pt\/dias-do-parceiro-auna-valencia#article","isPartOf":{"@id":"https:\/\/az-broquetas.es\/pt-pt\/dias-do-parceiro-auna-valencia"},"author":{"name":"Sonia","@id":"https:\/\/az-broquetas.es\/pt-pt#\/schema\/person\/fec410f538c8a3712a07db5a1695115f"},"headline":"Dias do parceiro A\u00daNA Val\u00eancia","datePublished":"2025-06-30T10:13:33+00:00","dateModified":"2025-11-11T16:56:55+00:00","mainEntityOfPage":{"@id":"https:\/\/az-broquetas.es\/pt-pt\/dias-do-parceiro-auna-valencia"},"wordCount":73,"commentCount":0,"publisher":{"@id":"https:\/\/az-broquetas.es\/pt-pt#organization"},"image":{"@id":"https:\/\/az-broquetas.es\/pt-pt\/dias-do-parceiro-auna-valencia#primaryimage"},"thumbnailUrl":"https:\/\/az-broquetas.es\/wp-content\/uploads\/2024\/09\/1723452338076.png","articleSection":["Eventos"],"inLanguage":"pt-PT","potentialAction":[{"@type":"CommentAction","name":"Comment","target":["https:\/\/az-broquetas.es\/pt-pt\/dias-do-parceiro-auna-valencia#respond"]}]},{"@type":"WebPage","@id":"https:\/\/az-broquetas.es\/pt-pt\/dias-do-parceiro-auna-valencia","url":"https:\/\/az-broquetas.es\/pt-pt\/dias-do-parceiro-auna-valencia","name":"Dias do parceiro A\u00daNA Val\u00eancia - AZ Broquetas","isPartOf":{"@id":"https:\/\/az-broquetas.es\/pt-pt#website"},"primaryImageOfPage":{"@id":"https:\/\/az-broquetas.es\/pt-pt\/dias-do-parceiro-auna-valencia#primaryimage"},"image":{"@id":"https:\/\/az-broquetas.es\/pt-pt\/dias-do-parceiro-auna-valencia#primaryimage"},"thumbnailUrl":"https:\/\/az-broquetas.es\/wp-content\/uploads\/2024\/09\/1723452338076.png","datePublished":"2025-06-30T10:13:33+00:00","dateModified":"2025-11-11T16:56:55+00:00","breadcrumb":{"@id":"https:\/\/az-broquetas.es\/pt-pt\/dias-do-parceiro-auna-valencia#breadcrumb"},"inLanguage":"pt-PT","potentialAction":[{"@type":"ReadAction","target":["https:\/\/az-broquetas.es\/pt-pt\/dias-do-parceiro-auna-valencia"]}]},{"@type":"ImageObject","inLanguage":"pt-PT","@id":"https:\/\/az-broquetas.es\/pt-pt\/dias-do-parceiro-auna-valencia#primaryimage","url":"https:\/\/az-broquetas.es\/wp-content\/uploads\/2024\/09\/1723452338076.png","contentUrl":"https:\/\/az-broquetas.es\/wp-content\/uploads\/2024\/09\/1723452338076.png","width":1280,"height":720,"caption":"AUNA partner days"},{"@type":"BreadcrumbList","@id":"https:\/\/az-broquetas.es\/pt-pt\/dias-do-parceiro-auna-valencia#breadcrumb","itemListElement":[{"@type":"ListItem","position":1,"name":"Portada","item":"https:\/\/az-broquetas.es\/pt-pt"},{"@type":"ListItem","position":2,"name":"Dias do parceiro A\u00daNA Val\u00eancia"}]},{"@type":"WebSite","@id":"https:\/\/az-broquetas.es\/pt-pt#website","url":"https:\/\/az-broquetas.es\/pt-pt","name":"AZ Broquetas","description":"Soluciones de conexi\u00f3n innovadoras","publisher":{"@id":"https:\/\/az-broquetas.es\/pt-pt#organization"},"potentialAction":[{"@type":"SearchAction","target":{"@type":"EntryPoint","urlTemplate":"https:\/\/az-broquetas.es\/pt-pt?s={search_term_string}"},"query-input":{"@type":"PropertyValueSpecification","valueRequired":true,"valueName":"search_term_string"}}],"inLanguage":"pt-PT"},{"@type":"Organization","@id":"https:\/\/az-broquetas.es\/pt-pt#organization","name":"AZ Broquetas","url":"https:\/\/az-broquetas.es\/pt-pt","logo":{"@type":"ImageObject","inLanguage":"pt-PT","@id":"https:\/\/az-broquetas.es\/pt-pt#\/schema\/logo\/image\/","url":"https:\/\/az-broquetas.es\/wp-content\/uploads\/2024\/03\/Logo-AZ.png","contentUrl":"https:\/\/az-broquetas.es\/wp-content\/uploads\/2024\/03\/Logo-AZ.png","width":350,"height":100,"caption":"AZ Broquetas"},"image":{"@id":"https:\/\/az-broquetas.es\/pt-pt#\/schema\/logo\/image\/"},"sameAs":["https:\/\/www.linkedin.com\/company\/az-broquetas-s-l\/","https:\/\/www.youtube.com\/@azbroquetass.l7674"]},{"@type":"Person","@id":"https:\/\/az-broquetas.es\/pt-pt#\/schema\/person\/fec410f538c8a3712a07db5a1695115f","name":"Sonia","image":{"@type":"ImageObject","inLanguage":"pt-PT","@id":"https:\/\/az-broquetas.es\/pt-pt#\/schema\/person\/image\/","url":"https:\/\/secure.gravatar.com\/avatar\/9488b617977cf297a91217e6459fab3bba303b77184e1fa2045ac86ffb34189b?s=96&d=mm&r=g","contentUrl":"https:\/\/secure.gravatar.com\/avatar\/9488b617977cf297a91217e6459fab3bba303b77184e1fa2045ac86ffb34189b?s=96&d=mm&r=g","caption":"Sonia"}}]}},"_links":{"self":[{"href":"https:\/\/az-broquetas.es\/pt-pt\/wp-json\/wp\/v2\/posts\/17744","targetHints":{"allow":["GET"]}}],"collection":[{"href":"https:\/\/az-broquetas.es\/pt-pt\/wp-json\/wp\/v2\/posts"}],"about":[{"href":"https:\/\/az-broquetas.es\/pt-pt\/wp-json\/wp\/v2\/types\/post"}],"author":[{"embeddable":true,"href":"https:\/\/az-broquetas.es\/pt-pt\/wp-json\/wp\/v2\/users\/3"}],"replies":[{"embeddable":true,"href":"https:\/\/az-broquetas.es\/pt-pt\/wp-json\/wp\/v2\/comments?post=17744"}],"version-history":[{"count":1,"href":"https:\/\/az-broquetas.es\/pt-pt\/wp-json\/wp\/v2\/posts\/17744\/revisions"}],"predecessor-version":[{"id":17746,"href":"https:\/\/az-broquetas.es\/pt-pt\/wp-json\/wp\/v2\/posts\/17744\/revisions\/17746"}],"wp:featuredmedia":[{"embeddable":true,"href":"https:\/\/az-broquetas.es\/pt-pt\/wp-json\/wp\/v2\/media\/17745"}],"wp:attachment":[{"href":"https:\/\/az-broquetas.es\/pt-pt\/wp-json\/wp\/v2\/media?parent=17744"}],"wp:term":[{"taxonomy":"category","embeddable":true,"href":"https:\/\/az-broquetas.es\/pt-pt\/wp-json\/wp\/v2\/categories?post=17744"},{"taxonomy":"post_tag","embeddable":true,"href":"https:\/\/az-broquetas.es\/pt-pt\/wp-json\/wp\/v2\/tags?post=17744"}],"curies":[{"name":"wp","href":"https:\/\/api.w.org\/{rel}","templated":true}]}}